
{"id":83055,"date":"2019-10-18T17:42:52","date_gmt":"2019-10-18T20:42:52","guid":{"rendered":"https:\/\/www.sudoestehoje.com.br\/novoportal\/?p=83055"},"modified":"2019-10-18T17:42:52","modified_gmt":"2019-10-18T20:42:52","slug":"nota-de-falecimento-morre-em-itapetinga-o-popular-agnelo-contador","status":"publish","type":"post","link":"https:\/\/www.sudoestehoje.com.br\/novoportal\/2019\/10\/18\/nota-de-falecimento-morre-em-itapetinga-o-popular-agnelo-contador\/","title":{"rendered":"NOTA DE FALECIMENTO: MORRE EM ITAPETINGA O POPULAR AGNELO CONTADOR"},"content":{"rendered":"<p><a href=\"https:\/\/www.sudoestehoje.com.br\/novoportal\/wp-content\/uploads\/2019\/10\/agnelo-contador.jpg\"><img loading=\"lazy\" decoding=\"async\" class=\"aligncenter size-medium wp-image-83056\" src=\"https:\/\/www.sudoestehoje.com.br\/novoportal\/wp-content\/uploads\/2019\/10\/agnelo-contador-500x463.jpg\" alt=\"\" width=\"500\" height=\"463\" srcset=\"https:\/\/www.sudoestehoje.com.br\/novoportal\/wp-content\/uploads\/2019\/10\/agnelo-contador-500x463.jpg 500w, https:\/\/www.sudoestehoje.com.br\/novoportal\/wp-content\/uploads\/2019\/10\/agnelo-contador.jpg 577w\" sizes=\"auto, (max-width: 500px) 100vw, 500px\" \/><\/a><\/p>\n<p>Faleceu, por volta das 15 h desta sexta-feira (18), na UTI do Hospital Cristo Redentor, o popular Agnelo Contador, profissional respeitado e muito querido em Itapetinga e regi\u00e3o.<\/p>\n<p>Agnelo, que havia completado 81 anos de idade no \u00faltimo dia 7 de setembro, j\u00e1 vinha acometido de doen\u00e7a grave, e estava internado para tratamento no HCR, onde veio a falecer.<\/p>\n<p>O corpo est\u00e1 sendo preparado para o vel\u00f3rio que acontecer\u00e1 no Cerimonial Paz Perfei\u00e7\u00e3o, na Avenida Cinquenten\u00e1rio, em Itapetinga. O sepultamento ser\u00e1 neste s\u00e1bado, com hor\u00e1rio a ser confirmado pela fam\u00edlia.<\/p>\n<p>O Sudoeste Hoje lamenta a morte do amigo e manifesta o seu imenso pesar pela perda irrepar\u00e1vel.<\/p>\n<p><strong><em>Davi Ferraz &#8211; Editor\u00a0<\/em><\/strong><\/p>\n","protected":false},"excerpt":{"rendered":"<p>Faleceu, por volta das 15 h desta sexta-feira (18), na UTI do Hospital Cristo Redentor, o popular Agnelo Contador, profissional respeitado e muito querido em Itapetinga e regi\u00e3o. Agnelo, que havia completado 81 anos de idade no \u00faltimo dia 7 de setembro, j\u00e1 vinha acometido de doen\u00e7a grave, e estava internado para tratamento no HCR, [&hellip;]<\/p>\n","protected":false},"author":2,"featured_media":83056,"comment_status":"open","ping_status":"open","sticky":false,"template":"","format":"standard","meta":{"footnotes":"","_links_to":"","_links_to_target":""},"categories":[1],"tags":[],"class_list":["post-83055","post","type-post","status-publish","format-standard","has-post-thumbnail","hentry","category-geral"],"views":974,"_links":{"self":[{"href":"https:\/\/www.sudoestehoje.com.br\/novoportal\/wp-json\/wp\/v2\/posts\/83055","targetHints":{"allow":["GET"]}}],"collection":[{"href":"https:\/\/www.sudoestehoje.com.br\/novoportal\/wp-json\/wp\/v2\/posts"}],"about":[{"href":"https:\/\/www.sudoestehoje.com.br\/novoportal\/wp-json\/wp\/v2\/types\/post"}],"author":[{"embeddable":true,"href":"https:\/\/www.sudoestehoje.com.br\/novoportal\/wp-json\/wp\/v2\/users\/2"}],"replies":[{"embeddable":true,"href":"https:\/\/www.sudoestehoje.com.br\/novoportal\/wp-json\/wp\/v2\/comments?post=83055"}],"version-history":[{"count":1,"href":"https:\/\/www.sudoestehoje.com.br\/novoportal\/wp-json\/wp\/v2\/posts\/83055\/revisions"}],"predecessor-version":[{"id":83057,"href":"https:\/\/www.sudoestehoje.com.br\/novoportal\/wp-json\/wp\/v2\/posts\/83055\/revisions\/83057"}],"wp:featuredmedia":[{"embeddable":true,"href":"https:\/\/www.sudoestehoje.com.br\/novoportal\/wp-json\/wp\/v2\/media\/83056"}],"wp:attachment":[{"href":"https:\/\/www.sudoestehoje.com.br\/novoportal\/wp-json\/wp\/v2\/media?parent=83055"}],"wp:term":[{"taxonomy":"category","embeddable":true,"href":"https:\/\/www.sudoestehoje.com.br\/novoportal\/wp-json\/wp\/v2\/categories?post=83055"},{"taxonomy":"post_tag","embeddable":true,"href":"https:\/\/www.sudoestehoje.com.br\/novoportal\/wp-json\/wp\/v2\/tags?post=83055"}],"curies":[{"name":"wp","href":"https:\/\/api.w.org\/{rel}","templated":true}]}}