
{"id":83049,"date":"2019-10-18T13:21:17","date_gmt":"2019-10-18T16:21:17","guid":{"rendered":"https:\/\/www.sudoestehoje.com.br\/novoportal\/?p=83049"},"modified":"2019-10-18T13:21:17","modified_gmt":"2019-10-18T16:21:17","slug":"comercio-de-itapetinga-funcionara-normalmente-nesta-segunda","status":"publish","type":"post","link":"https:\/\/www.sudoestehoje.com.br\/novoportal\/2019\/10\/18\/comercio-de-itapetinga-funcionara-normalmente-nesta-segunda\/","title":{"rendered":"COM\u00c9RCIO DE ITAPETINGA FUNCIONAR\u00c1 NORMALMENTE NESTA SEGUNDA"},"content":{"rendered":"<p><a href=\"https:\/\/www.sudoestehoje.com.br\/novoportal\/wp-content\/uploads\/2019\/10\/COMERCIO-CDL.jpg\"><img loading=\"lazy\" decoding=\"async\" class=\"aligncenter size-medium wp-image-83052\" src=\"https:\/\/www.sudoestehoje.com.br\/novoportal\/wp-content\/uploads\/2019\/10\/COMERCIO-CDL-500x500.jpg\" alt=\"\" width=\"500\" height=\"500\" srcset=\"https:\/\/www.sudoestehoje.com.br\/novoportal\/wp-content\/uploads\/2019\/10\/COMERCIO-CDL-500x500.jpg 500w, https:\/\/www.sudoestehoje.com.br\/novoportal\/wp-content\/uploads\/2019\/10\/COMERCIO-CDL-150x150.jpg 150w, https:\/\/www.sudoestehoje.com.br\/novoportal\/wp-content\/uploads\/2019\/10\/COMERCIO-CDL-768x768.jpg 768w, https:\/\/www.sudoestehoje.com.br\/novoportal\/wp-content\/uploads\/2019\/10\/COMERCIO-CDL-700x700.jpg 700w, https:\/\/www.sudoestehoje.com.br\/novoportal\/wp-content\/uploads\/2019\/10\/COMERCIO-CDL.jpg 800w\" sizes=\"auto, (max-width: 500px) 100vw, 500px\" \/><\/a><br \/>\nA CDL informa que o dia 21\/10\/2019, terceira (3\u00aa) segunda-feira do m\u00eas de outubro, \u00e9 considerado dia dos trabalhadores comerci\u00e1rios, conforme Lei Municipal 01\/91. Por\u00e9m o COM\u00c9RCIO FUNCIONAR\u00c1 NORMALMENTE por j\u00e1 ter havido o gozo do referido feriado na segunda-feira de carnaval\/2019. (Conven\u00e7\u00e3o Coletiva 2017\/2018, cl\u00e1usula 18\u00aa, par\u00e1grafo 1\u00ba).<\/p>\n","protected":false},"excerpt":{"rendered":"<p>A CDL informa que o dia 21\/10\/2019, terceira (3\u00aa) segunda-feira do m\u00eas de outubro, \u00e9 considerado dia dos trabalhadores comerci\u00e1rios, conforme Lei Municipal 01\/91. Por\u00e9m o COM\u00c9RCIO FUNCIONAR\u00c1 NORMALMENTE por j\u00e1 ter havido o gozo do referido feriado na segunda-feira de carnaval\/2019. (Conven\u00e7\u00e3o Coletiva 2017\/2018, cl\u00e1usula 18\u00aa, par\u00e1grafo 1\u00ba).<\/p>\n","protected":false},"author":2,"featured_media":83052,"comment_status":"open","ping_status":"open","sticky":false,"template":"","format":"standard","meta":{"footnotes":"","_links_to":"","_links_to_target":""},"categories":[1],"tags":[],"class_list":["post-83049","post","type-post","status-publish","format-standard","has-post-thumbnail","hentry","category-geral"],"views":752,"_links":{"self":[{"href":"https:\/\/www.sudoestehoje.com.br\/novoportal\/wp-json\/wp\/v2\/posts\/83049","targetHints":{"allow":["GET"]}}],"collection":[{"href":"https:\/\/www.sudoestehoje.com.br\/novoportal\/wp-json\/wp\/v2\/posts"}],"about":[{"href":"https:\/\/www.sudoestehoje.com.br\/novoportal\/wp-json\/wp\/v2\/types\/post"}],"author":[{"embeddable":true,"href":"https:\/\/www.sudoestehoje.com.br\/novoportal\/wp-json\/wp\/v2\/users\/2"}],"replies":[{"embeddable":true,"href":"https:\/\/www.sudoestehoje.com.br\/novoportal\/wp-json\/wp\/v2\/comments?post=83049"}],"version-history":[{"count":4,"href":"https:\/\/www.sudoestehoje.com.br\/novoportal\/wp-json\/wp\/v2\/posts\/83049\/revisions"}],"predecessor-version":[{"id":83054,"href":"https:\/\/www.sudoestehoje.com.br\/novoportal\/wp-json\/wp\/v2\/posts\/83049\/revisions\/83054"}],"wp:featuredmedia":[{"embeddable":true,"href":"https:\/\/www.sudoestehoje.com.br\/novoportal\/wp-json\/wp\/v2\/media\/83052"}],"wp:attachment":[{"href":"https:\/\/www.sudoestehoje.com.br\/novoportal\/wp-json\/wp\/v2\/media?parent=83049"}],"wp:term":[{"taxonomy":"category","embeddable":true,"href":"https:\/\/www.sudoestehoje.com.br\/novoportal\/wp-json\/wp\/v2\/categories?post=83049"},{"taxonomy":"post_tag","embeddable":true,"href":"https:\/\/www.sudoestehoje.com.br\/novoportal\/wp-json\/wp\/v2\/tags?post=83049"}],"curies":[{"name":"wp","href":"https:\/\/api.w.org\/{rel}","templated":true}]}}