
{"id":8299,"date":"2011-09-06T19:20:35","date_gmt":"2011-09-06T22:20:35","guid":{"rendered":"http:\/\/www.sudoestehoje.com.br\/novoportal\/?p=8299"},"modified":"2011-09-06T19:30:26","modified_gmt":"2011-09-06T22:30:26","slug":"prefeito-de-ilheus-passa-mal-e-e-internado-na-uti","status":"publish","type":"post","link":"https:\/\/www.sudoestehoje.com.br\/novoportal\/2011\/09\/06\/prefeito-de-ilheus-passa-mal-e-e-internado-na-uti\/","title":{"rendered":"PREFEITO DE ILH\u00c9US PASSA MAL E \u00c9 INTERNADO NA UTI"},"content":{"rendered":"<p style=\"text-align: center;\"><img decoding=\"async\" class=\"aligncenter\" src=\"http:\/\/www.pimenta.blog.br\/wp-content\/uploads\/NEWTON-LIMA.jpg\" alt=\"\" width=\"300\" \/><\/p>\n<h4><\/h4>\n<p><span style=\"font-weight: normal;\">ILH\u00c9US: <\/span>Por volta das 15h dessa ter\u00e7a-feira, o prefeito de Ilh\u00e9us, Newton Lima, sentiu fortes dores na altura do est\u00f4mago e foi levado \u00e0s pressas para a Policl\u00ednica da Rua Bento Berilo, centro da cidade.<\/p>\n<p><strong> <\/strong><\/p>\n<p>O prefeito foi avaliado pelos m\u00e9dicos Mariza Bastos (cardiologista) e F\u00e1bio Goulart (pneumologista). Imediatamente determinaram o encaminhamento ao setor de emerg\u00eancia do Hospital S\u00e3o Jos\u00e9. O transporte foi realizado pelo SAMU.<strong><\/strong><\/p>\n<p>Ap\u00f3s um eletrocardiograma, foi descartada a possibilidade de um infarto, apesar da hipertens\u00e3o, causada pelo estresse. Tudo indica que o problema seja g\u00e1strico. No momento (\u00e0s 17 h), o prefeito est\u00e1 na UTI e se submete a outros exames.<strong><\/strong><\/p>\n<p>Fontes palacianas afirmam que Newton Lima vive dias de c\u00e3o. A crise no governo \u00e9 total e os \u00edndices de reprova\u00e7\u00e3o beiram os 90%. Ao mesmo tempo, o prefeito se caracteriza pela indecis\u00e3o e por n\u00e3o ter compet\u00eancia administrativa. Isso tudo, somado \u00e0 sua natureza introspectiva, que internaliza dentro de si todos os problemas, transforma o cotidiano dele num inferno, onde o estresse \u00e9 constante.<strong><\/strong><\/p>\n<p>\u201cNewton precisa escolher, ou p\u00f5e fim ao seu governo, ou correr\u00e1 o risco de ter um problema de sa\u00fade grav\u00edssimo\u201d, assegura um dos informantes deste blog.<strong> Blog do Gusm\u00e3o<\/strong><strong><\/strong><\/p>\n","protected":false},"excerpt":{"rendered":"<p>ILH\u00c9US: Por volta das 15h dessa ter\u00e7a-feira, o prefeito de Ilh\u00e9us, Newton Lima, sentiu fortes dores na altura do est\u00f4mago e foi levado \u00e0s pressas para a Policl\u00ednica da Rua Bento Berilo, centro da cidade. O prefeito foi avaliado pelos m\u00e9dicos Mariza Bastos (cardiologista) e F\u00e1bio Goulart (pneumologista). Imediatamente determinaram o encaminhamento ao setor de [&hellip;]<\/p>\n","protected":false},"author":2,"featured_media":0,"comment_status":"open","ping_status":"open","sticky":false,"template":"","format":"standard","meta":{"footnotes":"","_links_to":"","_links_to_target":""},"categories":[1],"tags":[],"class_list":["post-8299","post","type-post","status-publish","format-standard","hentry","category-geral"],"views":1062,"_links":{"self":[{"href":"https:\/\/www.sudoestehoje.com.br\/novoportal\/wp-json\/wp\/v2\/posts\/8299","targetHints":{"allow":["GET"]}}],"collection":[{"href":"https:\/\/www.sudoestehoje.com.br\/novoportal\/wp-json\/wp\/v2\/posts"}],"about":[{"href":"https:\/\/www.sudoestehoje.com.br\/novoportal\/wp-json\/wp\/v2\/types\/post"}],"author":[{"embeddable":true,"href":"https:\/\/www.sudoestehoje.com.br\/novoportal\/wp-json\/wp\/v2\/users\/2"}],"replies":[{"embeddable":true,"href":"https:\/\/www.sudoestehoje.com.br\/novoportal\/wp-json\/wp\/v2\/comments?post=8299"}],"version-history":[{"count":5,"href":"https:\/\/www.sudoestehoje.com.br\/novoportal\/wp-json\/wp\/v2\/posts\/8299\/revisions"}],"predecessor-version":[{"id":8302,"href":"https:\/\/www.sudoestehoje.com.br\/novoportal\/wp-json\/wp\/v2\/posts\/8299\/revisions\/8302"}],"wp:attachment":[{"href":"https:\/\/www.sudoestehoje.com.br\/novoportal\/wp-json\/wp\/v2\/media?parent=8299"}],"wp:term":[{"taxonomy":"category","embeddable":true,"href":"https:\/\/www.sudoestehoje.com.br\/novoportal\/wp-json\/wp\/v2\/categories?post=8299"},{"taxonomy":"post_tag","embeddable":true,"href":"https:\/\/www.sudoestehoje.com.br\/novoportal\/wp-json\/wp\/v2\/tags?post=8299"}],"curies":[{"name":"wp","href":"https:\/\/api.w.org\/{rel}","templated":true}]}}