
{"id":82978,"date":"2019-10-16T13:11:25","date_gmt":"2019-10-16T16:11:25","guid":{"rendered":"https:\/\/www.sudoestehoje.com.br\/novoportal\/?p=82978"},"modified":"2019-10-16T13:11:25","modified_gmt":"2019-10-16T16:11:25","slug":"greve-da-pm-fotos-sugerem-atentado-contra-o-deputado-soldado-prisco","status":"publish","type":"post","link":"https:\/\/www.sudoestehoje.com.br\/novoportal\/2019\/10\/16\/greve-da-pm-fotos-sugerem-atentado-contra-o-deputado-soldado-prisco\/","title":{"rendered":"GREVE DA PM: FOTOS SUGEREM ATENTADO CONTRA O DEPUTADO SOLDADO PRISCO"},"content":{"rendered":"<p><a href=\"https:\/\/www.sudoestehoje.com.br\/novoportal\/wp-content\/uploads\/2019\/10\/PRISCO-BALEADO.jpeg\"><img loading=\"lazy\" decoding=\"async\" class=\"aligncenter size-medium wp-image-82979\" src=\"https:\/\/www.sudoestehoje.com.br\/novoportal\/wp-content\/uploads\/2019\/10\/PRISCO-BALEADO-500x375.jpeg\" alt=\"\" width=\"500\" height=\"375\" srcset=\"https:\/\/www.sudoestehoje.com.br\/novoportal\/wp-content\/uploads\/2019\/10\/PRISCO-BALEADO-500x375.jpeg 500w, https:\/\/www.sudoestehoje.com.br\/novoportal\/wp-content\/uploads\/2019\/10\/PRISCO-BALEADO-768x576.jpeg 768w, https:\/\/www.sudoestehoje.com.br\/novoportal\/wp-content\/uploads\/2019\/10\/PRISCO-BALEADO-700x525.jpeg 700w, https:\/\/www.sudoestehoje.com.br\/novoportal\/wp-content\/uploads\/2019\/10\/PRISCO-BALEADO.jpeg 1280w\" sizes=\"auto, (max-width: 500px) 100vw, 500px\" \/><\/a><\/p>\n<p>Um suposto atentado ao deputado estadual Soldado Prisco (PSC) deixou dois policiais feridos na virada da noite desta ter\u00e7a-feira (15) para quarta (16). As redes sociais e aplicativos de mensagens instant\u00e2neas divulgaram que Prisco teria sido baleado, mas o parlamentar foi ferido por estilha\u00e7os de vidro.<\/p>\n<p>Segundo apurou o Bahia Not\u00edcias, os dois policiais estavam saindo de carro da Associa\u00e7\u00e3o de Policiais e Bombeiros Militares e seus Familiares do Estado da Bahia (Aspra), em Nazar\u00e9 e tiveram o carro alvejado de tiros.<\/p>\n<p>Fonte ligada \u00e0 associa\u00e7\u00e3o diz que os militares no carro alvejado s\u00e3o os que sempre acompanham Prisco, por isso eles suspeitam que tenha sido um atentado contra ele.<\/p>\n<p><a href=\"https:\/\/www.sudoestehoje.com.br\/novoportal\/wp-content\/uploads\/2019\/10\/Atentado-SoldadoPrisco.jpg\"><img loading=\"lazy\" decoding=\"async\" class=\"aligncenter size-medium wp-image-82980\" src=\"https:\/\/www.sudoestehoje.com.br\/novoportal\/wp-content\/uploads\/2019\/10\/Atentado-SoldadoPrisco-500x375.jpg\" alt=\"\" width=\"500\" height=\"375\" srcset=\"https:\/\/www.sudoestehoje.com.br\/novoportal\/wp-content\/uploads\/2019\/10\/Atentado-SoldadoPrisco-500x375.jpg 500w, https:\/\/www.sudoestehoje.com.br\/novoportal\/wp-content\/uploads\/2019\/10\/Atentado-SoldadoPrisco-768x576.jpg 768w, https:\/\/www.sudoestehoje.com.br\/novoportal\/wp-content\/uploads\/2019\/10\/Atentado-SoldadoPrisco-700x525.jpg 700w, https:\/\/www.sudoestehoje.com.br\/novoportal\/wp-content\/uploads\/2019\/10\/Atentado-SoldadoPrisco.jpg 1000w\" sizes=\"auto, (max-width: 500px) 100vw, 500px\" \/><\/a><\/p>\n<p>A Secretaria da Seguran\u00e7a P\u00fablica investiga a veracidade da ocorr\u00eancia. O ve\u00edculo passa por per\u00edcia e as pessoas presentes no caso ser\u00e3o ouvidas.<\/p>\n","protected":false},"excerpt":{"rendered":"<p>Um suposto atentado ao deputado estadual Soldado Prisco (PSC) deixou dois policiais feridos na virada da noite desta ter\u00e7a-feira (15) para quarta (16). As redes sociais e aplicativos de mensagens instant\u00e2neas divulgaram que Prisco teria sido baleado, mas o parlamentar foi ferido por estilha\u00e7os de vidro. Segundo apurou o Bahia Not\u00edcias, os dois policiais estavam [&hellip;]<\/p>\n","protected":false},"author":2,"featured_media":82979,"comment_status":"open","ping_status":"open","sticky":false,"template":"","format":"standard","meta":{"footnotes":"","_links_to":"","_links_to_target":""},"categories":[1],"tags":[],"class_list":["post-82978","post","type-post","status-publish","format-standard","has-post-thumbnail","hentry","category-geral"],"views":703,"_links":{"self":[{"href":"https:\/\/www.sudoestehoje.com.br\/novoportal\/wp-json\/wp\/v2\/posts\/82978","targetHints":{"allow":["GET"]}}],"collection":[{"href":"https:\/\/www.sudoestehoje.com.br\/novoportal\/wp-json\/wp\/v2\/posts"}],"about":[{"href":"https:\/\/www.sudoestehoje.com.br\/novoportal\/wp-json\/wp\/v2\/types\/post"}],"author":[{"embeddable":true,"href":"https:\/\/www.sudoestehoje.com.br\/novoportal\/wp-json\/wp\/v2\/users\/2"}],"replies":[{"embeddable":true,"href":"https:\/\/www.sudoestehoje.com.br\/novoportal\/wp-json\/wp\/v2\/comments?post=82978"}],"version-history":[{"count":1,"href":"https:\/\/www.sudoestehoje.com.br\/novoportal\/wp-json\/wp\/v2\/posts\/82978\/revisions"}],"predecessor-version":[{"id":82981,"href":"https:\/\/www.sudoestehoje.com.br\/novoportal\/wp-json\/wp\/v2\/posts\/82978\/revisions\/82981"}],"wp:featuredmedia":[{"embeddable":true,"href":"https:\/\/www.sudoestehoje.com.br\/novoportal\/wp-json\/wp\/v2\/media\/82979"}],"wp:attachment":[{"href":"https:\/\/www.sudoestehoje.com.br\/novoportal\/wp-json\/wp\/v2\/media?parent=82978"}],"wp:term":[{"taxonomy":"category","embeddable":true,"href":"https:\/\/www.sudoestehoje.com.br\/novoportal\/wp-json\/wp\/v2\/categories?post=82978"},{"taxonomy":"post_tag","embeddable":true,"href":"https:\/\/www.sudoestehoje.com.br\/novoportal\/wp-json\/wp\/v2\/tags?post=82978"}],"curies":[{"name":"wp","href":"https:\/\/api.w.org\/{rel}","templated":true}]}}