
{"id":82970,"date":"2019-10-16T12:58:12","date_gmt":"2019-10-16T15:58:12","guid":{"rendered":"https:\/\/www.sudoestehoje.com.br\/novoportal\/?p=82970"},"modified":"2019-10-16T13:00:31","modified_gmt":"2019-10-16T16:00:31","slug":"greve-da-pm-sedes-da-aspra-sao-interditadas-por-determinacao-judicial","status":"publish","type":"post","link":"https:\/\/www.sudoestehoje.com.br\/novoportal\/2019\/10\/16\/greve-da-pm-sedes-da-aspra-sao-interditadas-por-determinacao-judicial\/","title":{"rendered":"GREVE DA PM: SEDES DA ASPRA S\u00c3O INTERDITADAS POR DETERMINA\u00c7\u00c3O JUDICIAL"},"content":{"rendered":"<p><a href=\"https:\/\/www.sudoestehoje.com.br\/novoportal\/wp-content\/uploads\/2019\/10\/ASPRA-SEDE.jpeg\"><img loading=\"lazy\" decoding=\"async\" class=\"aligncenter size-medium wp-image-82972\" src=\"https:\/\/www.sudoestehoje.com.br\/novoportal\/wp-content\/uploads\/2019\/10\/ASPRA-SEDE-500x265.jpeg\" alt=\"\" width=\"500\" height=\"265\" srcset=\"https:\/\/www.sudoestehoje.com.br\/novoportal\/wp-content\/uploads\/2019\/10\/ASPRA-SEDE-500x265.jpeg 500w, https:\/\/www.sudoestehoje.com.br\/novoportal\/wp-content\/uploads\/2019\/10\/ASPRA-SEDE-768x407.jpeg 768w, https:\/\/www.sudoestehoje.com.br\/novoportal\/wp-content\/uploads\/2019\/10\/ASPRA-SEDE-700x371.jpeg 700w, https:\/\/www.sudoestehoje.com.br\/novoportal\/wp-content\/uploads\/2019\/10\/ASPRA-SEDE.jpeg 1000w\" sizes=\"auto, (max-width: 500px) 100vw, 500px\" \/><\/a><\/p>\n<p>Uma decis\u00e3o judicial determinou a interdi\u00e7\u00e3o de todas as sedes da Associa\u00e7\u00e3o dos Policiais e Bombeiros Militares e seus Familiares (Aspra) em Salvador e no interior, na manh\u00e3 desta quarta-feira (16)<\/p>\n<p>A opera\u00e7\u00e3o \u00e9 comandada pelo Minist\u00e9rio P\u00fablico do Estado da Bahia (MPBA), com apoio da SSP. Est\u00e3o sendo cumpridos mandados de busca e apreens\u00e3o.\u00a0Al\u00e9m da interdi\u00e7\u00e3o e da busca e apreens\u00e3o de documentos, computadores e dinheiro, tamb\u00e9m foi determinado o bloqueio das contas da entidade. Vinte promotores de Justi\u00e7a participam da a\u00e7\u00e3o.<\/p>\n<p>A opera\u00e7\u00e3o acontece em Salvador, Alagoinhas, Barreiras, Feira de Santana, Guanambi, Ilh\u00e9us, Irec\u00ea, Itaberaba, Itabuna, Jacobina, Jequi\u00e9, Juazeiro, Paulo Afonso, Porto Seguro, Santa Maria da Vit\u00f3ria, Santo Ant\u00f4nio de Jesus, Senhor do Bonfim, Serrinha, Teixeira de Freitas e Vit\u00f3ria da Conquista.<\/p>\n<p>A SSP informou que 14 policiais que estavam na sede da Aspra foram conduzidos para a Corregedoria, onde v\u00e3o prestar esclarecimentos. Na sede da associa\u00e7\u00e3o, foram apreendidas armas, muni\u00e7\u00f5es, R$ 5 mil em esp\u00e9cie e muni\u00e7\u00f5es dentro de um Corolla. As armas v\u00e3o ser analisadas e, n\u00e3o havendo irregularidade, ser\u00e3o liberadas.<\/p>\n","protected":false},"excerpt":{"rendered":"<p>Uma decis\u00e3o judicial determinou a interdi\u00e7\u00e3o de todas as sedes da Associa\u00e7\u00e3o dos Policiais e Bombeiros Militares e seus Familiares (Aspra) em Salvador e no interior, na manh\u00e3 desta quarta-feira (16) A opera\u00e7\u00e3o \u00e9 comandada pelo Minist\u00e9rio P\u00fablico do Estado da Bahia (MPBA), com apoio da SSP. Est\u00e3o sendo cumpridos mandados de busca e apreens\u00e3o.\u00a0Al\u00e9m [&hellip;]<\/p>\n","protected":false},"author":2,"featured_media":82972,"comment_status":"open","ping_status":"open","sticky":false,"template":"","format":"standard","meta":{"footnotes":"","_links_to":"","_links_to_target":""},"categories":[1],"tags":[],"class_list":["post-82970","post","type-post","status-publish","format-standard","has-post-thumbnail","hentry","category-geral"],"views":708,"_links":{"self":[{"href":"https:\/\/www.sudoestehoje.com.br\/novoportal\/wp-json\/wp\/v2\/posts\/82970","targetHints":{"allow":["GET"]}}],"collection":[{"href":"https:\/\/www.sudoestehoje.com.br\/novoportal\/wp-json\/wp\/v2\/posts"}],"about":[{"href":"https:\/\/www.sudoestehoje.com.br\/novoportal\/wp-json\/wp\/v2\/types\/post"}],"author":[{"embeddable":true,"href":"https:\/\/www.sudoestehoje.com.br\/novoportal\/wp-json\/wp\/v2\/users\/2"}],"replies":[{"embeddable":true,"href":"https:\/\/www.sudoestehoje.com.br\/novoportal\/wp-json\/wp\/v2\/comments?post=82970"}],"version-history":[{"count":6,"href":"https:\/\/www.sudoestehoje.com.br\/novoportal\/wp-json\/wp\/v2\/posts\/82970\/revisions"}],"predecessor-version":[{"id":82977,"href":"https:\/\/www.sudoestehoje.com.br\/novoportal\/wp-json\/wp\/v2\/posts\/82970\/revisions\/82977"}],"wp:featuredmedia":[{"embeddable":true,"href":"https:\/\/www.sudoestehoje.com.br\/novoportal\/wp-json\/wp\/v2\/media\/82972"}],"wp:attachment":[{"href":"https:\/\/www.sudoestehoje.com.br\/novoportal\/wp-json\/wp\/v2\/media?parent=82970"}],"wp:term":[{"taxonomy":"category","embeddable":true,"href":"https:\/\/www.sudoestehoje.com.br\/novoportal\/wp-json\/wp\/v2\/categories?post=82970"},{"taxonomy":"post_tag","embeddable":true,"href":"https:\/\/www.sudoestehoje.com.br\/novoportal\/wp-json\/wp\/v2\/tags?post=82970"}],"curies":[{"name":"wp","href":"https:\/\/api.w.org\/{rel}","templated":true}]}}