
{"id":82966,"date":"2019-10-15T23:40:52","date_gmt":"2019-10-16T02:40:52","guid":{"rendered":"https:\/\/www.sudoestehoje.com.br\/novoportal\/?p=82966"},"modified":"2019-10-15T23:40:52","modified_gmt":"2019-10-16T02:40:52","slug":"antonio-brito-articula-no-ministerio-da-saude-liberacao-de-r-18-milhoes-as-obras-sociais-de-irma-dulce","status":"publish","type":"post","link":"https:\/\/www.sudoestehoje.com.br\/novoportal\/2019\/10\/15\/antonio-brito-articula-no-ministerio-da-saude-liberacao-de-r-18-milhoes-as-obras-sociais-de-irma-dulce\/","title":{"rendered":"ANT\u00d4NIO BRITO ARTICULA NO MINIST\u00c9RIO DA SA\u00daDE LIBERA\u00c7\u00c3O DE R$ 18 MILH\u00d5ES \u00c0S OBRAS SOCIAIS DE IRM\u00c3 DULCE"},"content":{"rendered":"<p><a href=\"https:\/\/www.sudoestehoje.com.br\/novoportal\/wp-content\/uploads\/2019\/10\/BRITO-VERBA-IRM\u00c3-DULCE.jpg\"><img loading=\"lazy\" decoding=\"async\" class=\"aligncenter size-medium wp-image-82967\" src=\"https:\/\/www.sudoestehoje.com.br\/novoportal\/wp-content\/uploads\/2019\/10\/BRITO-VERBA-IRM\u00c3-DULCE-500x375.jpg\" alt=\"\" width=\"500\" height=\"375\" srcset=\"https:\/\/www.sudoestehoje.com.br\/novoportal\/wp-content\/uploads\/2019\/10\/BRITO-VERBA-IRM\u00c3-DULCE-500x375.jpg 500w, https:\/\/www.sudoestehoje.com.br\/novoportal\/wp-content\/uploads\/2019\/10\/BRITO-VERBA-IRM\u00c3-DULCE-768x576.jpg 768w, https:\/\/www.sudoestehoje.com.br\/novoportal\/wp-content\/uploads\/2019\/10\/BRITO-VERBA-IRM\u00c3-DULCE-700x525.jpg 700w, https:\/\/www.sudoestehoje.com.br\/novoportal\/wp-content\/uploads\/2019\/10\/BRITO-VERBA-IRM\u00c3-DULCE.jpg 1125w\" sizes=\"auto, (max-width: 500px) 100vw, 500px\" \/><\/a><\/p>\n<p>O deputado federal Antonio Brito foi o \u00fanico parlamentar baiano presente na cerim\u00f4nia, no Pal\u00e1cio do Planalto, em que o Governo Federal, por meio do Minist\u00e9rio da Sa\u00fade, anunciou a libera\u00e7\u00e3o de R$ 18 milh\u00f5es para o custeio de alta e m\u00e9dia complexidade das Obras Sociais Irm\u00e3 Dulce (Osid).<\/p>\n<p>Em seu pronunciamento, o ministro da Sa\u00fade, Luiz Henrique Mandetta, destacou os trabalhos da institui\u00e7\u00e3o, fundada em 1959 por Irm\u00e3 Dulce, e que hoje \u00e9 gerida por Maria Rita Lopes Pontes.<\/p>\n<p>Mandetta tamb\u00e9m referiu-se ao deputado federal Antonio Brito, presidente da Comiss\u00e3o de Seguridade Social e Fam\u00edlia (CSSF) da C\u00e2mara dos Deputados, como importante representa\u00e7\u00e3o do parlamento para o setor filantr\u00f3pico e, em especial, na articula\u00e7\u00e3o em defesa das Obras Sociais Irm\u00e3 Dulce, representada no evento por Sergio Lopes.<\/p>\n","protected":false},"excerpt":{"rendered":"<p>O deputado federal Antonio Brito foi o \u00fanico parlamentar baiano presente na cerim\u00f4nia, no Pal\u00e1cio do Planalto, em que o Governo Federal, por meio do Minist\u00e9rio da Sa\u00fade, anunciou a libera\u00e7\u00e3o de R$ 18 milh\u00f5es para o custeio de alta e m\u00e9dia complexidade das Obras Sociais Irm\u00e3 Dulce (Osid). Em seu pronunciamento, o ministro da [&hellip;]<\/p>\n","protected":false},"author":2,"featured_media":82967,"comment_status":"open","ping_status":"open","sticky":false,"template":"","format":"standard","meta":{"footnotes":"","_links_to":"","_links_to_target":""},"categories":[1],"tags":[],"class_list":["post-82966","post","type-post","status-publish","format-standard","has-post-thumbnail","hentry","category-geral"],"views":727,"_links":{"self":[{"href":"https:\/\/www.sudoestehoje.com.br\/novoportal\/wp-json\/wp\/v2\/posts\/82966","targetHints":{"allow":["GET"]}}],"collection":[{"href":"https:\/\/www.sudoestehoje.com.br\/novoportal\/wp-json\/wp\/v2\/posts"}],"about":[{"href":"https:\/\/www.sudoestehoje.com.br\/novoportal\/wp-json\/wp\/v2\/types\/post"}],"author":[{"embeddable":true,"href":"https:\/\/www.sudoestehoje.com.br\/novoportal\/wp-json\/wp\/v2\/users\/2"}],"replies":[{"embeddable":true,"href":"https:\/\/www.sudoestehoje.com.br\/novoportal\/wp-json\/wp\/v2\/comments?post=82966"}],"version-history":[{"count":2,"href":"https:\/\/www.sudoestehoje.com.br\/novoportal\/wp-json\/wp\/v2\/posts\/82966\/revisions"}],"predecessor-version":[{"id":82969,"href":"https:\/\/www.sudoestehoje.com.br\/novoportal\/wp-json\/wp\/v2\/posts\/82966\/revisions\/82969"}],"wp:featuredmedia":[{"embeddable":true,"href":"https:\/\/www.sudoestehoje.com.br\/novoportal\/wp-json\/wp\/v2\/media\/82967"}],"wp:attachment":[{"href":"https:\/\/www.sudoestehoje.com.br\/novoportal\/wp-json\/wp\/v2\/media?parent=82966"}],"wp:term":[{"taxonomy":"category","embeddable":true,"href":"https:\/\/www.sudoestehoje.com.br\/novoportal\/wp-json\/wp\/v2\/categories?post=82966"},{"taxonomy":"post_tag","embeddable":true,"href":"https:\/\/www.sudoestehoje.com.br\/novoportal\/wp-json\/wp\/v2\/tags?post=82966"}],"curies":[{"name":"wp","href":"https:\/\/api.w.org\/{rel}","templated":true}]}}