
{"id":82953,"date":"2019-10-15T21:20:56","date_gmt":"2019-10-16T00:20:56","guid":{"rendered":"https:\/\/www.sudoestehoje.com.br\/novoportal\/?p=82953"},"modified":"2019-10-15T22:07:51","modified_gmt":"2019-10-16T01:07:51","slug":"partido-ligado-a-igreja-universal-pode-receber-filiacao-de-bolsonaro","status":"publish","type":"post","link":"https:\/\/www.sudoestehoje.com.br\/novoportal\/2019\/10\/15\/partido-ligado-a-igreja-universal-pode-receber-filiacao-de-bolsonaro\/","title":{"rendered":"PARTIDO LIGADO \u00c0 IGREJA UNIVERSAL PODE RECEBER FILIA\u00c7\u00c3O DE BOLSONARO"},"content":{"rendered":"<p><a href=\"https:\/\/www.sudoestehoje.com.br\/novoportal\/wp-content\/uploads\/2019\/10\/brasil-edir-macedo-jair-bolsonaro.jpg\"><img loading=\"lazy\" decoding=\"async\" class=\"aligncenter size-medium wp-image-82954\" src=\"https:\/\/www.sudoestehoje.com.br\/novoportal\/wp-content\/uploads\/2019\/10\/brasil-edir-macedo-jair-bolsonaro-500x333.jpg\" alt=\"\" width=\"500\" height=\"333\" srcset=\"https:\/\/www.sudoestehoje.com.br\/novoportal\/wp-content\/uploads\/2019\/10\/brasil-edir-macedo-jair-bolsonaro-500x333.jpg 500w, https:\/\/www.sudoestehoje.com.br\/novoportal\/wp-content\/uploads\/2019\/10\/brasil-edir-macedo-jair-bolsonaro-768x512.jpg 768w, https:\/\/www.sudoestehoje.com.br\/novoportal\/wp-content\/uploads\/2019\/10\/brasil-edir-macedo-jair-bolsonaro-700x467.jpg 700w, https:\/\/www.sudoestehoje.com.br\/novoportal\/wp-content\/uploads\/2019\/10\/brasil-edir-macedo-jair-bolsonaro.jpg 1500w\" sizes=\"auto, (max-width: 500px) 100vw, 500px\" \/><\/a><\/p>\n<p>Partido ligado \u00e0 Igreja Universal do Reino de Deus, o Republicanos, pode convidar Jair Bolsonaro (PSL) para migrar para a sigla, segundo a coluna de M\u00f4nica Bergamo, do jornal Folha de S. Paulo.<\/p>\n<p>Questionado sobre o assunto, o deputado Marcos Pereira, presidente da agremia\u00e7\u00e3o, diz: &#8220;Est\u00e3o recomendando isso, que a gente traga ele&#8221;.<\/p>\n<p>Para que os deputados do PSL aliados a Bolsonaro migrassem tamb\u00e9m para a sigla, seria necess\u00e1rio que o Republicanos se fundisse a outro partido. \u201cN\u00e3o foi feito esse di\u00e1logo ainda\u201d, disse Pereira. \u201cVamos ter paci\u00eancia\u201d, emendou.<\/p>\n<p><a href=\"https:\/\/www.sudoestehoje.com.br\/novoportal\/wp-content\/uploads\/2019\/10\/BANNER-JUNIOR-ELETRONICA.jpg\"><img loading=\"lazy\" decoding=\"async\" class=\"aligncenter size-medium wp-image-82960\" src=\"https:\/\/www.sudoestehoje.com.br\/novoportal\/wp-content\/uploads\/2019\/10\/BANNER-JUNIOR-ELETRONICA-500x128.jpg\" alt=\"\" width=\"500\" height=\"128\" srcset=\"https:\/\/www.sudoestehoje.com.br\/novoportal\/wp-content\/uploads\/2019\/10\/BANNER-JUNIOR-ELETRONICA-500x128.jpg 500w, https:\/\/www.sudoestehoje.com.br\/novoportal\/wp-content\/uploads\/2019\/10\/BANNER-JUNIOR-ELETRONICA-768x197.jpg 768w, https:\/\/www.sudoestehoje.com.br\/novoportal\/wp-content\/uploads\/2019\/10\/BANNER-JUNIOR-ELETRONICA-700x179.jpg 700w, https:\/\/www.sudoestehoje.com.br\/novoportal\/wp-content\/uploads\/2019\/10\/BANNER-JUNIOR-ELETRONICA.jpg 848w\" sizes=\"auto, (max-width: 500px) 100vw, 500px\" \/><\/a><\/p>\n","protected":false},"excerpt":{"rendered":"<p>Partido ligado \u00e0 Igreja Universal do Reino de Deus, o Republicanos, pode convidar Jair Bolsonaro (PSL) para migrar para a sigla, segundo a coluna de M\u00f4nica Bergamo, do jornal Folha de S. Paulo. Questionado sobre o assunto, o deputado Marcos Pereira, presidente da agremia\u00e7\u00e3o, diz: &#8220;Est\u00e3o recomendando isso, que a gente traga ele&#8221;. Para que [&hellip;]<\/p>\n","protected":false},"author":2,"featured_media":82954,"comment_status":"open","ping_status":"open","sticky":false,"template":"","format":"standard","meta":{"footnotes":"","_links_to":"","_links_to_target":""},"categories":[1],"tags":[],"class_list":["post-82953","post","type-post","status-publish","format-standard","has-post-thumbnail","hentry","category-geral"],"views":766,"_links":{"self":[{"href":"https:\/\/www.sudoestehoje.com.br\/novoportal\/wp-json\/wp\/v2\/posts\/82953","targetHints":{"allow":["GET"]}}],"collection":[{"href":"https:\/\/www.sudoestehoje.com.br\/novoportal\/wp-json\/wp\/v2\/posts"}],"about":[{"href":"https:\/\/www.sudoestehoje.com.br\/novoportal\/wp-json\/wp\/v2\/types\/post"}],"author":[{"embeddable":true,"href":"https:\/\/www.sudoestehoje.com.br\/novoportal\/wp-json\/wp\/v2\/users\/2"}],"replies":[{"embeddable":true,"href":"https:\/\/www.sudoestehoje.com.br\/novoportal\/wp-json\/wp\/v2\/comments?post=82953"}],"version-history":[{"count":2,"href":"https:\/\/www.sudoestehoje.com.br\/novoportal\/wp-json\/wp\/v2\/posts\/82953\/revisions"}],"predecessor-version":[{"id":82961,"href":"https:\/\/www.sudoestehoje.com.br\/novoportal\/wp-json\/wp\/v2\/posts\/82953\/revisions\/82961"}],"wp:featuredmedia":[{"embeddable":true,"href":"https:\/\/www.sudoestehoje.com.br\/novoportal\/wp-json\/wp\/v2\/media\/82954"}],"wp:attachment":[{"href":"https:\/\/www.sudoestehoje.com.br\/novoportal\/wp-json\/wp\/v2\/media?parent=82953"}],"wp:term":[{"taxonomy":"category","embeddable":true,"href":"https:\/\/www.sudoestehoje.com.br\/novoportal\/wp-json\/wp\/v2\/categories?post=82953"},{"taxonomy":"post_tag","embeddable":true,"href":"https:\/\/www.sudoestehoje.com.br\/novoportal\/wp-json\/wp\/v2\/tags?post=82953"}],"curies":[{"name":"wp","href":"https:\/\/api.w.org\/{rel}","templated":true}]}}