
{"id":82949,"date":"2019-10-15T20:45:39","date_gmt":"2019-10-15T23:45:39","guid":{"rendered":"https:\/\/www.sudoestehoje.com.br\/novoportal\/?p=82949"},"modified":"2019-10-15T22:09:57","modified_gmt":"2019-10-16T01:09:57","slug":"numero-de-feriadoes-dobra-em-2020","status":"publish","type":"post","link":"https:\/\/www.sudoestehoje.com.br\/novoportal\/2019\/10\/15\/numero-de-feriadoes-dobra-em-2020\/","title":{"rendered":"N\u00daMERO DE FERIAD\u00d5ES DOBRA EM 2020"},"content":{"rendered":"<p><a href=\"https:\/\/www.sudoestehoje.com.br\/novoportal\/wp-content\/uploads\/2019\/10\/PORTO-DA-BARRA.jpg\"><img loading=\"lazy\" decoding=\"async\" class=\"aligncenter size-medium wp-image-82951\" src=\"https:\/\/www.sudoestehoje.com.br\/novoportal\/wp-content\/uploads\/2019\/10\/PORTO-DA-BARRA-500x311.jpg\" alt=\"\" width=\"500\" height=\"311\" srcset=\"https:\/\/www.sudoestehoje.com.br\/novoportal\/wp-content\/uploads\/2019\/10\/PORTO-DA-BARRA-500x311.jpg 500w, https:\/\/www.sudoestehoje.com.br\/novoportal\/wp-content\/uploads\/2019\/10\/PORTO-DA-BARRA-768x478.jpg 768w, https:\/\/www.sudoestehoje.com.br\/novoportal\/wp-content\/uploads\/2019\/10\/PORTO-DA-BARRA-700x436.jpg 700w, https:\/\/www.sudoestehoje.com.br\/novoportal\/wp-content\/uploads\/2019\/10\/PORTO-DA-BARRA.jpg 940w\" sizes=\"auto, (max-width: 500px) 100vw, 500px\" \/><\/a><\/p>\n<p class=\"bodytext\">Se 2019 n\u00e3o est\u00e1 sendo um ano muito generoso em rela\u00e7\u00e3o aos feriados prolongados, 2020 traz uma din\u00e2mica bem diferente.\u00a0S\u00e3o nove datas nacionais al\u00e9m do\u00a0feriado estadual da Independ\u00eancia da Bahia, 2 de julho, que cair\u00e1 numa quinta-feira.<\/p>\n<p class=\"bodytext\">Confira as datas dos feriados de 2020:<\/p>\n<ul>\n<li>Ano novo: 1\u00ba de janeiro | quarta-feira<\/li>\n<li>Carnaval: 24 a 26 de fevereiro | segunda-feira a quarta-feira<\/li>\n<li>Sexta-feira Santa: 10 de abril | sexta-feira<\/li>\n<li>P\u00e1scoa: 12 de abril | domingo<\/li>\n<li>Tiradentes: 21 de abril | ter\u00e7a-feira<\/li>\n<li>Dia do Trabalho: 1\u00ba de maio | sexta-feira<\/li>\n<li>Corpus Christi: 11 de junho | quinta-feira<\/li>\n<li><strong>Independ\u00eancia da Bahia: 2 de julho | quinta-feira (apenas na Bahia)<\/strong><\/li>\n<li>Independ\u00eancia do Brasil: 7 de setembro | segunda-feira<\/li>\n<li>Dia de Nossa Senhora Aparecida: 12 de outubro | segunda-feira<\/li>\n<li>Finados: 2 de novembro | segunda-feira<\/li>\n<li>Proclama\u00e7\u00e3o da Rep\u00fablica: 15 de novembro | domingo<\/li>\n<li>Natal: 25 de dezembro | sexta-feira<\/li>\n<\/ul>\n<p><a href=\"https:\/\/www.sudoestehoje.com.br\/novoportal\/wp-content\/uploads\/2019\/10\/CONTAS-ATRASO.jpg\"><img loading=\"lazy\" decoding=\"async\" class=\"aligncenter size-medium wp-image-82807\" src=\"https:\/\/www.sudoestehoje.com.br\/novoportal\/wp-content\/uploads\/2019\/10\/CONTAS-ATRASO-500x143.jpg\" alt=\"\" width=\"500\" height=\"143\" srcset=\"https:\/\/www.sudoestehoje.com.br\/novoportal\/wp-content\/uploads\/2019\/10\/CONTAS-ATRASO-500x143.jpg 500w, https:\/\/www.sudoestehoje.com.br\/novoportal\/wp-content\/uploads\/2019\/10\/CONTAS-ATRASO-700x200.jpg 700w, https:\/\/www.sudoestehoje.com.br\/novoportal\/wp-content\/uploads\/2019\/10\/CONTAS-ATRASO.jpg 730w\" sizes=\"auto, (max-width: 500px) 100vw, 500px\" \/><\/a><\/p>\n","protected":false},"excerpt":{"rendered":"<p>Se 2019 n\u00e3o est\u00e1 sendo um ano muito generoso em rela\u00e7\u00e3o aos feriados prolongados, 2020 traz uma din\u00e2mica bem diferente.\u00a0S\u00e3o nove datas nacionais al\u00e9m do\u00a0feriado estadual da Independ\u00eancia da Bahia, 2 de julho, que cair\u00e1 numa quinta-feira. Confira as datas dos feriados de 2020: Ano novo: 1\u00ba de janeiro | quarta-feira Carnaval: 24 a 26 [&hellip;]<\/p>\n","protected":false},"author":2,"featured_media":82951,"comment_status":"open","ping_status":"open","sticky":false,"template":"","format":"standard","meta":{"footnotes":"","_links_to":"","_links_to_target":""},"categories":[1],"tags":[],"class_list":["post-82949","post","type-post","status-publish","format-standard","has-post-thumbnail","hentry","category-geral"],"views":771,"_links":{"self":[{"href":"https:\/\/www.sudoestehoje.com.br\/novoportal\/wp-json\/wp\/v2\/posts\/82949","targetHints":{"allow":["GET"]}}],"collection":[{"href":"https:\/\/www.sudoestehoje.com.br\/novoportal\/wp-json\/wp\/v2\/posts"}],"about":[{"href":"https:\/\/www.sudoestehoje.com.br\/novoportal\/wp-json\/wp\/v2\/types\/post"}],"author":[{"embeddable":true,"href":"https:\/\/www.sudoestehoje.com.br\/novoportal\/wp-json\/wp\/v2\/users\/2"}],"replies":[{"embeddable":true,"href":"https:\/\/www.sudoestehoje.com.br\/novoportal\/wp-json\/wp\/v2\/comments?post=82949"}],"version-history":[{"count":3,"href":"https:\/\/www.sudoestehoje.com.br\/novoportal\/wp-json\/wp\/v2\/posts\/82949\/revisions"}],"predecessor-version":[{"id":82962,"href":"https:\/\/www.sudoestehoje.com.br\/novoportal\/wp-json\/wp\/v2\/posts\/82949\/revisions\/82962"}],"wp:featuredmedia":[{"embeddable":true,"href":"https:\/\/www.sudoestehoje.com.br\/novoportal\/wp-json\/wp\/v2\/media\/82951"}],"wp:attachment":[{"href":"https:\/\/www.sudoestehoje.com.br\/novoportal\/wp-json\/wp\/v2\/media?parent=82949"}],"wp:term":[{"taxonomy":"category","embeddable":true,"href":"https:\/\/www.sudoestehoje.com.br\/novoportal\/wp-json\/wp\/v2\/categories?post=82949"},{"taxonomy":"post_tag","embeddable":true,"href":"https:\/\/www.sudoestehoje.com.br\/novoportal\/wp-json\/wp\/v2\/tags?post=82949"}],"curies":[{"name":"wp","href":"https:\/\/api.w.org\/{rel}","templated":true}]}}