
{"id":82903,"date":"2019-10-14T22:50:46","date_gmt":"2019-10-15T01:50:46","guid":{"rendered":"https:\/\/www.sudoestehoje.com.br\/novoportal\/?p=82903"},"modified":"2019-10-14T23:26:25","modified_gmt":"2019-10-15T02:26:25","slug":"itambe-urgente-amigo-do-ex-prefeito-ivan-e-alvejado-por-invasores-de-terras-governo-teria-negado-policiamento","status":"publish","type":"post","link":"https:\/\/www.sudoestehoje.com.br\/novoportal\/2019\/10\/14\/itambe-urgente-amigo-do-ex-prefeito-ivan-e-alvejado-por-invasores-de-terras-governo-teria-negado-policiamento\/","title":{"rendered":"ITAMB\u00c9 URGENTE! AMIGO DO EX-PREFEITO IVAN \u00c9 ALVEJADO POR INVASORES DE TERRAS; GOVERNO TERIA &#8220;NEGADO&#8221; POLICIAMENTO"},"content":{"rendered":"<p><a href=\"https:\/\/www.sudoestehoje.com.br\/novoportal\/wp-content\/uploads\/2019\/10\/IVAN.jpg\"><img loading=\"lazy\" decoding=\"async\" class=\"aligncenter size-medium wp-image-82904\" src=\"https:\/\/www.sudoestehoje.com.br\/novoportal\/wp-content\/uploads\/2019\/10\/IVAN-500x300.jpg\" alt=\"\" width=\"500\" height=\"300\" \/><\/a><\/p>\n<p>Um grupo de invasores usando roupas ind\u00edgenas, que havia ocupado a fazenda do ex-prefeito de Itamb\u00e9, Ivan Fernandes, neste domingo (13), acabou gerando um enorme conflito na propriedade invadida, nesta segunda, quando amigos do ex-prefeito tentaram convenc\u00ea-los a deixar o local, de forma pac\u00edfica.<\/p>\n<p>Segundo informa\u00e7\u00f5es colhidas pelo <strong><em>Sudoeste Hoje<\/em><\/strong>, com exclusividade, os invasores deflagraram v\u00e1rios tiros contra o grupo, ferindo um dos amigos do ex-prefeito, que foi atingido por tr\u00eas disparos de armas de fogo. A v\u00edtima foi atendida em uma unidade hospitalar de Itamb\u00e9 e transferida imediatamente para o HCR, em Itapetinga, com tr\u00eas perfura\u00e7\u00f5es no corpo.<\/p>\n<p><a href=\"https:\/\/www.sudoestehoje.com.br\/novoportal\/wp-content\/uploads\/2019\/10\/INDIOS-ITAMB\u00c9.jpg\"><img loading=\"lazy\" decoding=\"async\" class=\"aligncenter size-medium wp-image-82894\" src=\"https:\/\/www.sudoestehoje.com.br\/novoportal\/wp-content\/uploads\/2019\/10\/INDIOS-ITAMB\u00c9-500x300.jpg\" alt=\"\" width=\"500\" height=\"300\" srcset=\"https:\/\/www.sudoestehoje.com.br\/novoportal\/wp-content\/uploads\/2019\/10\/INDIOS-ITAMB\u00c9-500x300.jpg 500w, https:\/\/www.sudoestehoje.com.br\/novoportal\/wp-content\/uploads\/2019\/10\/INDIOS-ITAMB\u00c9-768x461.jpg 768w, https:\/\/www.sudoestehoje.com.br\/novoportal\/wp-content\/uploads\/2019\/10\/INDIOS-ITAMB\u00c9-700x420.jpg 700w, https:\/\/www.sudoestehoje.com.br\/novoportal\/wp-content\/uploads\/2019\/10\/INDIOS-ITAMB\u00c9.jpg 825w\" sizes=\"auto, (max-width: 500px) 100vw, 500px\" \/><\/a><\/p>\n<p>O ex-prefeito Ivan afirma que solicitou policiamento ao governador, em sua propriedade, o que teria sido negado por interfer\u00eancia de seus advers\u00e1rios pol\u00edticos.<\/p>\n<p>H\u00e1 informa\u00e7\u00f5es seguras de que pessoas ligadas a pol\u00edticos governistas estariam &#8220;infiltrados&#8221; no grupo de invasores, que se apresentam falsamente como &#8216;\u00edndios&#8217;.<\/p>\n<p>Com os \u00faltimos acontecimentos, o conflito na regi\u00e3o tende a aumentar, se o Governo do Estado n\u00e3o adotar provid\u00eancias urgentes.<\/p>\n<p>AGUARDEM MAIS INFORMA\u00c7\u00d5ES.<\/p>\n<p><strong><em>Por Davi Ferraz<\/em><\/strong><\/p>\n","protected":false},"excerpt":{"rendered":"<p>Um grupo de invasores usando roupas ind\u00edgenas, que havia ocupado a fazenda do ex-prefeito de Itamb\u00e9, Ivan Fernandes, neste domingo (13), acabou gerando um enorme conflito na propriedade invadida, nesta segunda, quando amigos do ex-prefeito tentaram convenc\u00ea-los a deixar o local, de forma pac\u00edfica. Segundo informa\u00e7\u00f5es colhidas pelo Sudoeste Hoje, com exclusividade, os invasores deflagraram [&hellip;]<\/p>\n","protected":false},"author":2,"featured_media":82904,"comment_status":"open","ping_status":"open","sticky":false,"template":"","format":"standard","meta":{"footnotes":"","_links_to":"","_links_to_target":""},"categories":[1],"tags":[],"class_list":["post-82903","post","type-post","status-publish","format-standard","has-post-thumbnail","hentry","category-geral"],"views":994,"_links":{"self":[{"href":"https:\/\/www.sudoestehoje.com.br\/novoportal\/wp-json\/wp\/v2\/posts\/82903","targetHints":{"allow":["GET"]}}],"collection":[{"href":"https:\/\/www.sudoestehoje.com.br\/novoportal\/wp-json\/wp\/v2\/posts"}],"about":[{"href":"https:\/\/www.sudoestehoje.com.br\/novoportal\/wp-json\/wp\/v2\/types\/post"}],"author":[{"embeddable":true,"href":"https:\/\/www.sudoestehoje.com.br\/novoportal\/wp-json\/wp\/v2\/users\/2"}],"replies":[{"embeddable":true,"href":"https:\/\/www.sudoestehoje.com.br\/novoportal\/wp-json\/wp\/v2\/comments?post=82903"}],"version-history":[{"count":5,"href":"https:\/\/www.sudoestehoje.com.br\/novoportal\/wp-json\/wp\/v2\/posts\/82903\/revisions"}],"predecessor-version":[{"id":82909,"href":"https:\/\/www.sudoestehoje.com.br\/novoportal\/wp-json\/wp\/v2\/posts\/82903\/revisions\/82909"}],"wp:featuredmedia":[{"embeddable":true,"href":"https:\/\/www.sudoestehoje.com.br\/novoportal\/wp-json\/wp\/v2\/media\/82904"}],"wp:attachment":[{"href":"https:\/\/www.sudoestehoje.com.br\/novoportal\/wp-json\/wp\/v2\/media?parent=82903"}],"wp:term":[{"taxonomy":"category","embeddable":true,"href":"https:\/\/www.sudoestehoje.com.br\/novoportal\/wp-json\/wp\/v2\/categories?post=82903"},{"taxonomy":"post_tag","embeddable":true,"href":"https:\/\/www.sudoestehoje.com.br\/novoportal\/wp-json\/wp\/v2\/tags?post=82903"}],"curies":[{"name":"wp","href":"https:\/\/api.w.org\/{rel}","templated":true}]}}