
{"id":82896,"date":"2019-10-14T11:58:44","date_gmt":"2019-10-14T14:58:44","guid":{"rendered":"https:\/\/www.sudoestehoje.com.br\/novoportal\/?p=82896"},"modified":"2019-10-14T11:58:44","modified_gmt":"2019-10-14T14:58:44","slug":"itapetinga-apos-proibicao-do-governo-carretas-da-veracel-voltam-a-trafegar-na-regiao-com-carga-acima-do-peso","status":"publish","type":"post","link":"https:\/\/www.sudoestehoje.com.br\/novoportal\/2019\/10\/14\/itapetinga-apos-proibicao-do-governo-carretas-da-veracel-voltam-a-trafegar-na-regiao-com-carga-acima-do-peso\/","title":{"rendered":"ITAPETINGA: AP\u00d3S PROIBI\u00c7\u00c3O DO GOVERNO, CARRETAS DA VERACEL VOLTAM A TRAFEGAR NA REGI\u00c3O COM CARGA ACIMA DO PESO"},"content":{"rendered":"<p><a href=\"https:\/\/www.sudoestehoje.com.br\/novoportal\/wp-content\/uploads\/2019\/10\/carretas-eucalp.jpg\"><img loading=\"lazy\" decoding=\"async\" class=\"aligncenter size-medium wp-image-82899\" src=\"https:\/\/www.sudoestehoje.com.br\/novoportal\/wp-content\/uploads\/2019\/10\/carretas-eucalp-500x281.jpg\" alt=\"\" width=\"500\" height=\"281\" srcset=\"https:\/\/www.sudoestehoje.com.br\/novoportal\/wp-content\/uploads\/2019\/10\/carretas-eucalp-500x281.jpg 500w, https:\/\/www.sudoestehoje.com.br\/novoportal\/wp-content\/uploads\/2019\/10\/carretas-eucalp-768x432.jpg 768w, https:\/\/www.sudoestehoje.com.br\/novoportal\/wp-content\/uploads\/2019\/10\/carretas-eucalp-700x394.jpg 700w, https:\/\/www.sudoestehoje.com.br\/novoportal\/wp-content\/uploads\/2019\/10\/carretas-eucalp.jpg 960w\" sizes=\"auto, (max-width: 500px) 100vw, 500px\" \/><\/a><\/p>\n<p>Dias ap\u00f3s a Secretaria de Infraestrutura do Estado da Bahia (SEINFRA) anunciar a limita\u00e7\u00e3o da tonelagem para o transporte de eucalipto nas rodovias estaduais da regi\u00e3o, carretas de empresas contratadas pela Veracel voltaram a circular na BA-263, com carga supostamente acima do peso permitido, segundo den\u00fancia encaminhada ao <em>Sudoeste Hoje.<\/em><\/p>\n<p>Segundo a SEINFRA, a proibi\u00e7\u00e3o se baseia no fato das rodovias estaduais n\u00e3o estarem estruturadas para tr\u00e1fego pesado, argumenta\u00e7\u00e3o fr\u00e1gil, j\u00e1 que a necessidade de escoamento da produ\u00e7\u00e3o se sobrep\u00f5e a quest\u00f5es t\u00e9cnicas que devem ser resolvidas pelo governo.<\/p>\n<p>Enquanto a celeuma se arrasta, o transporte das toras de eucalipto por carretas de alta tonelagem est\u00e1 acabando com as rodovias estaduais da regi\u00e3o.<\/p>\n<p><strong><em>Por Davi Ferraz\u00a0<\/em><\/strong><\/p>\n","protected":false},"excerpt":{"rendered":"<p>Dias ap\u00f3s a Secretaria de Infraestrutura do Estado da Bahia (SEINFRA) anunciar a limita\u00e7\u00e3o da tonelagem para o transporte de eucalipto nas rodovias estaduais da regi\u00e3o, carretas de empresas contratadas pela Veracel voltaram a circular na BA-263, com carga supostamente acima do peso permitido, segundo den\u00fancia encaminhada ao Sudoeste Hoje. Segundo a SEINFRA, a proibi\u00e7\u00e3o [&hellip;]<\/p>\n","protected":false},"author":2,"featured_media":82899,"comment_status":"open","ping_status":"open","sticky":false,"template":"","format":"standard","meta":{"footnotes":"","_links_to":"","_links_to_target":""},"categories":[1],"tags":[],"class_list":["post-82896","post","type-post","status-publish","format-standard","has-post-thumbnail","hentry","category-geral"],"views":1363,"_links":{"self":[{"href":"https:\/\/www.sudoestehoje.com.br\/novoportal\/wp-json\/wp\/v2\/posts\/82896","targetHints":{"allow":["GET"]}}],"collection":[{"href":"https:\/\/www.sudoestehoje.com.br\/novoportal\/wp-json\/wp\/v2\/posts"}],"about":[{"href":"https:\/\/www.sudoestehoje.com.br\/novoportal\/wp-json\/wp\/v2\/types\/post"}],"author":[{"embeddable":true,"href":"https:\/\/www.sudoestehoje.com.br\/novoportal\/wp-json\/wp\/v2\/users\/2"}],"replies":[{"embeddable":true,"href":"https:\/\/www.sudoestehoje.com.br\/novoportal\/wp-json\/wp\/v2\/comments?post=82896"}],"version-history":[{"count":4,"href":"https:\/\/www.sudoestehoje.com.br\/novoportal\/wp-json\/wp\/v2\/posts\/82896\/revisions"}],"predecessor-version":[{"id":82901,"href":"https:\/\/www.sudoestehoje.com.br\/novoportal\/wp-json\/wp\/v2\/posts\/82896\/revisions\/82901"}],"wp:featuredmedia":[{"embeddable":true,"href":"https:\/\/www.sudoestehoje.com.br\/novoportal\/wp-json\/wp\/v2\/media\/82899"}],"wp:attachment":[{"href":"https:\/\/www.sudoestehoje.com.br\/novoportal\/wp-json\/wp\/v2\/media?parent=82896"}],"wp:term":[{"taxonomy":"category","embeddable":true,"href":"https:\/\/www.sudoestehoje.com.br\/novoportal\/wp-json\/wp\/v2\/categories?post=82896"},{"taxonomy":"post_tag","embeddable":true,"href":"https:\/\/www.sudoestehoje.com.br\/novoportal\/wp-json\/wp\/v2\/tags?post=82896"}],"curies":[{"name":"wp","href":"https:\/\/api.w.org\/{rel}","templated":true}]}}