
{"id":82870,"date":"2019-10-13T08:44:11","date_gmt":"2019-10-13T11:44:11","guid":{"rendered":"https:\/\/www.sudoestehoje.com.br\/novoportal\/?p=82870"},"modified":"2019-10-13T18:11:25","modified_gmt":"2019-10-13T21:11:25","slug":"irma-e-canonizada-pelo-papa-francisco","status":"publish","type":"post","link":"https:\/\/www.sudoestehoje.com.br\/novoportal\/2019\/10\/13\/irma-e-canonizada-pelo-papa-francisco\/","title":{"rendered":"IRM\u00c3 DULCE \u00c9 CANONIZADA PELO PAPA FRANCISCO; &#8216;SANTA DULCE DOS POBRES&#8217;"},"content":{"rendered":"<div class=\"mc-column content-text active-extra-styles \" data-block-type=\"unstyled\" data-block-weight=\"38\" data-block-id=\"3\">\n<p data-track-category=\"Link no Texto\" data-track-links=\"\"><a href=\"https:\/\/www.sudoestehoje.com.br\/novoportal\/wp-content\/uploads\/2019\/10\/IRM\u00c3-DULCE-CANONIZA\u00c7\u00c3O.jpg\"><img loading=\"lazy\" decoding=\"async\" class=\"aligncenter size-medium wp-image-82871\" src=\"https:\/\/www.sudoestehoje.com.br\/novoportal\/wp-content\/uploads\/2019\/10\/IRM\u00c3-DULCE-CANONIZA\u00c7\u00c3O-500x334.jpg\" alt=\"\" width=\"500\" height=\"334\" srcset=\"https:\/\/www.sudoestehoje.com.br\/novoportal\/wp-content\/uploads\/2019\/10\/IRM\u00c3-DULCE-CANONIZA\u00c7\u00c3O-500x334.jpg 500w, https:\/\/www.sudoestehoje.com.br\/novoportal\/wp-content\/uploads\/2019\/10\/IRM\u00c3-DULCE-CANONIZA\u00c7\u00c3O-768x512.jpg 768w, https:\/\/www.sudoestehoje.com.br\/novoportal\/wp-content\/uploads\/2019\/10\/IRM\u00c3-DULCE-CANONIZA\u00c7\u00c3O-700x467.jpg 700w, https:\/\/www.sudoestehoje.com.br\/novoportal\/wp-content\/uploads\/2019\/10\/IRM\u00c3-DULCE-CANONIZA\u00c7\u00c3O.jpg 1262w\" sizes=\"auto, (max-width: 500px) 100vw, 500px\" \/><\/a><\/p>\n<p class=\"content-text__container \" data-track-category=\"Link no Texto\" data-track-links=\"\">Santa Dulce dos Pobres. \u00c9 assim que Irm\u00e3 Dulce passa a ser chamada ap\u00f3s a cerim\u00f4nia de canoniza\u00e7\u00e3o que a tornou santa na manh\u00e3 deste domingo (13) na Pra\u00e7a de S\u00e3o Pedro, no Vaticano, lotada de fi\u00e9is.<\/p>\n<\/div>\n<div class=\"wall protected-content\">\n<div class=\"mc-column content-text active-extra-styles \" data-block-type=\"unstyled\" data-block-weight=\"31\" data-block-id=\"4\">\n<p class=\"content-text__container \" data-track-category=\"Link no Texto\" data-track-links=\"\">A santa, conhecida popularmente como Anjo Bom da Bahia, foi uma das religiosas mais populares do Brasil gra\u00e7as ao trabalho social prestado aos mais pobres e necessitados, principalmente na Bahia.<\/p>\n<p data-track-category=\"Link no Texto\" data-track-links=\"\">O Vaticano considera que Santa Dulce dos Pobres \u00e9 a primeira santa brasileira. Embora outras brasileiras e uma religiosa que atuou no pa\u00eds tenham sido canonizadas pela Igreja Cat\u00f3lica anteriormente,\u00a0irm\u00e3 Dulce \u00e9 a primeira mulher nascida no Brasil\u00a0que teve milagres reconhecidos.<\/p>\n<\/div>\n<\/div>\n","protected":false},"excerpt":{"rendered":"<p>Santa Dulce dos Pobres. \u00c9 assim que Irm\u00e3 Dulce passa a ser chamada ap\u00f3s a cerim\u00f4nia de canoniza\u00e7\u00e3o que a tornou santa na manh\u00e3 deste domingo (13) na Pra\u00e7a de S\u00e3o Pedro, no Vaticano, lotada de fi\u00e9is. A santa, conhecida popularmente como Anjo Bom da Bahia, foi uma das religiosas mais populares do Brasil gra\u00e7as [&hellip;]<\/p>\n","protected":false},"author":2,"featured_media":82871,"comment_status":"open","ping_status":"open","sticky":false,"template":"","format":"standard","meta":{"footnotes":"","_links_to":"","_links_to_target":""},"categories":[1],"tags":[],"class_list":["post-82870","post","type-post","status-publish","format-standard","has-post-thumbnail","hentry","category-geral"],"views":819,"_links":{"self":[{"href":"https:\/\/www.sudoestehoje.com.br\/novoportal\/wp-json\/wp\/v2\/posts\/82870","targetHints":{"allow":["GET"]}}],"collection":[{"href":"https:\/\/www.sudoestehoje.com.br\/novoportal\/wp-json\/wp\/v2\/posts"}],"about":[{"href":"https:\/\/www.sudoestehoje.com.br\/novoportal\/wp-json\/wp\/v2\/types\/post"}],"author":[{"embeddable":true,"href":"https:\/\/www.sudoestehoje.com.br\/novoportal\/wp-json\/wp\/v2\/users\/2"}],"replies":[{"embeddable":true,"href":"https:\/\/www.sudoestehoje.com.br\/novoportal\/wp-json\/wp\/v2\/comments?post=82870"}],"version-history":[{"count":3,"href":"https:\/\/www.sudoestehoje.com.br\/novoportal\/wp-json\/wp\/v2\/posts\/82870\/revisions"}],"predecessor-version":[{"id":82885,"href":"https:\/\/www.sudoestehoje.com.br\/novoportal\/wp-json\/wp\/v2\/posts\/82870\/revisions\/82885"}],"wp:featuredmedia":[{"embeddable":true,"href":"https:\/\/www.sudoestehoje.com.br\/novoportal\/wp-json\/wp\/v2\/media\/82871"}],"wp:attachment":[{"href":"https:\/\/www.sudoestehoje.com.br\/novoportal\/wp-json\/wp\/v2\/media?parent=82870"}],"wp:term":[{"taxonomy":"category","embeddable":true,"href":"https:\/\/www.sudoestehoje.com.br\/novoportal\/wp-json\/wp\/v2\/categories?post=82870"},{"taxonomy":"post_tag","embeddable":true,"href":"https:\/\/www.sudoestehoje.com.br\/novoportal\/wp-json\/wp\/v2\/tags?post=82870"}],"curies":[{"name":"wp","href":"https:\/\/api.w.org\/{rel}","templated":true}]}}