
{"id":82850,"date":"2019-10-11T20:40:43","date_gmt":"2019-10-11T23:40:43","guid":{"rendered":"https:\/\/www.sudoestehoje.com.br\/novoportal\/?p=82850"},"modified":"2019-10-11T20:40:43","modified_gmt":"2019-10-11T23:40:43","slug":"manchas-de-oleo-chegam-a-salvador","status":"publish","type":"post","link":"https:\/\/www.sudoestehoje.com.br\/novoportal\/2019\/10\/11\/manchas-de-oleo-chegam-a-salvador\/","title":{"rendered":"MANCHAS DE \u00d3LEO CHEGAM A SALVADOR"},"content":{"rendered":"<p><a href=\"https:\/\/www.sudoestehoje.com.br\/novoportal\/wp-content\/uploads\/2019\/10\/oleo-praias-salvador.jpg\"><img loading=\"lazy\" decoding=\"async\" class=\"aligncenter size-medium wp-image-82851\" src=\"https:\/\/www.sudoestehoje.com.br\/novoportal\/wp-content\/uploads\/2019\/10\/oleo-praias-salvador-500x334.jpg\" alt=\"\" width=\"500\" height=\"334\" srcset=\"https:\/\/www.sudoestehoje.com.br\/novoportal\/wp-content\/uploads\/2019\/10\/oleo-praias-salvador-500x334.jpg 500w, https:\/\/www.sudoestehoje.com.br\/novoportal\/wp-content\/uploads\/2019\/10\/oleo-praias-salvador-768x512.jpg 768w, https:\/\/www.sudoestehoje.com.br\/novoportal\/wp-content\/uploads\/2019\/10\/oleo-praias-salvador-700x467.jpg 700w, https:\/\/www.sudoestehoje.com.br\/novoportal\/wp-content\/uploads\/2019\/10\/oleo-praias-salvador.jpg 940w\" sizes=\"auto, (max-width: 500px) 100vw, 500px\" \/><\/a><\/p>\n<p>As manchas de \u00f3leo que atingem o Nordeste do Brasil desde setembro deste ano chegaram \u00e0s praias de Piat\u00e3, do Flamengo, Jardim de Alah e do Jardim dos Namorados, em Salvador.<\/p>\n<p>A informa\u00e7\u00e3o foi confirmada pelo Instituto do Meio Ambiente e Recursos H\u00eddricos (Inema) e pela prefeitura da capital baiana.<\/p>\n<p>Na manh\u00e3 de hoje, t\u00e9cnicos da Secretaria Municipal de Sustentabilidade, Inova\u00e7\u00e3o e Resili\u00eancia (SECIS) e da CODESAL estiveram na praia do Jardim de Alah, onde foram identificados pequenos pontos de \u00f3leo dispersos na areia da praia.<\/p>\n<p>O Governo do Estado continua em sil\u00eancio&#8230;<\/p>\n","protected":false},"excerpt":{"rendered":"<p>As manchas de \u00f3leo que atingem o Nordeste do Brasil desde setembro deste ano chegaram \u00e0s praias de Piat\u00e3, do Flamengo, Jardim de Alah e do Jardim dos Namorados, em Salvador. A informa\u00e7\u00e3o foi confirmada pelo Instituto do Meio Ambiente e Recursos H\u00eddricos (Inema) e pela prefeitura da capital baiana. Na manh\u00e3 de hoje, t\u00e9cnicos [&hellip;]<\/p>\n","protected":false},"author":2,"featured_media":82851,"comment_status":"open","ping_status":"open","sticky":false,"template":"","format":"standard","meta":{"footnotes":"","_links_to":"","_links_to_target":""},"categories":[1],"tags":[],"class_list":["post-82850","post","type-post","status-publish","format-standard","has-post-thumbnail","hentry","category-geral"],"views":767,"_links":{"self":[{"href":"https:\/\/www.sudoestehoje.com.br\/novoportal\/wp-json\/wp\/v2\/posts\/82850","targetHints":{"allow":["GET"]}}],"collection":[{"href":"https:\/\/www.sudoestehoje.com.br\/novoportal\/wp-json\/wp\/v2\/posts"}],"about":[{"href":"https:\/\/www.sudoestehoje.com.br\/novoportal\/wp-json\/wp\/v2\/types\/post"}],"author":[{"embeddable":true,"href":"https:\/\/www.sudoestehoje.com.br\/novoportal\/wp-json\/wp\/v2\/users\/2"}],"replies":[{"embeddable":true,"href":"https:\/\/www.sudoestehoje.com.br\/novoportal\/wp-json\/wp\/v2\/comments?post=82850"}],"version-history":[{"count":1,"href":"https:\/\/www.sudoestehoje.com.br\/novoportal\/wp-json\/wp\/v2\/posts\/82850\/revisions"}],"predecessor-version":[{"id":82852,"href":"https:\/\/www.sudoestehoje.com.br\/novoportal\/wp-json\/wp\/v2\/posts\/82850\/revisions\/82852"}],"wp:featuredmedia":[{"embeddable":true,"href":"https:\/\/www.sudoestehoje.com.br\/novoportal\/wp-json\/wp\/v2\/media\/82851"}],"wp:attachment":[{"href":"https:\/\/www.sudoestehoje.com.br\/novoportal\/wp-json\/wp\/v2\/media?parent=82850"}],"wp:term":[{"taxonomy":"category","embeddable":true,"href":"https:\/\/www.sudoestehoje.com.br\/novoportal\/wp-json\/wp\/v2\/categories?post=82850"},{"taxonomy":"post_tag","embeddable":true,"href":"https:\/\/www.sudoestehoje.com.br\/novoportal\/wp-json\/wp\/v2\/tags?post=82850"}],"curies":[{"name":"wp","href":"https:\/\/api.w.org\/{rel}","templated":true}]}}