
{"id":82828,"date":"2019-10-10T17:13:34","date_gmt":"2019-10-10T20:13:34","guid":{"rendered":"https:\/\/www.sudoestehoje.com.br\/novoportal\/?p=82828"},"modified":"2019-10-10T17:14:30","modified_gmt":"2019-10-10T20:14:30","slug":"itapetinga-secretario-danylo-pates-deixa-o-cargo-para-tratamento-de-saude-assume-hugo-cunha","status":"publish","type":"post","link":"https:\/\/www.sudoestehoje.com.br\/novoportal\/2019\/10\/10\/itapetinga-secretario-danylo-pates-deixa-o-cargo-para-tratamento-de-saude-assume-hugo-cunha\/","title":{"rendered":"ITAPETINGA: SECRET\u00c1RIO DANYLO PAT\u00caS DEIXA O CARGO PARA TRATAMENTO DE SA\u00daDE; ASSUME HUGO CUNHA"},"content":{"rendered":"<p><a href=\"https:\/\/www.sudoestehoje.com.br\/novoportal\/wp-content\/uploads\/2019\/10\/sec-sa\u00fade.jpeg\"><img loading=\"lazy\" decoding=\"async\" class=\"aligncenter size-medium wp-image-82829\" src=\"https:\/\/www.sudoestehoje.com.br\/novoportal\/wp-content\/uploads\/2019\/10\/sec-sa\u00fade-500x281.jpeg\" alt=\"\" width=\"500\" height=\"281\" srcset=\"https:\/\/www.sudoestehoje.com.br\/novoportal\/wp-content\/uploads\/2019\/10\/sec-sa\u00fade-500x281.jpeg 500w, https:\/\/www.sudoestehoje.com.br\/novoportal\/wp-content\/uploads\/2019\/10\/sec-sa\u00fade-768x432.jpeg 768w, https:\/\/www.sudoestehoje.com.br\/novoportal\/wp-content\/uploads\/2019\/10\/sec-sa\u00fade-700x394.jpeg 700w, https:\/\/www.sudoestehoje.com.br\/novoportal\/wp-content\/uploads\/2019\/10\/sec-sa\u00fade.jpeg 990w\" sizes=\"auto, (max-width: 500px) 100vw, 500px\" \/><\/a><\/p>\n<p>A prefeitura de Itapetinga vem a p\u00fablico informar que o farmac\u00eautico Danylo Pat\u00eas deixa a gest\u00e3o da Secretaria de Sa\u00fade Municipal. Para realizar tratamento de sa\u00fade, Pat\u00eas solicitou seu desligamento da frente da pasta. Substituir\u00e1 o ent\u00e3o secret\u00e1rio, o tamb\u00e9m farmac\u00eautico Hugo Cunha e Souza, atualmente respons\u00e1vel pela Coordena\u00e7\u00e3o da Assist\u00eancia Farmac\u00eautica.<\/p>\n<p>Segundo Danylo Pat\u00eas, \u201cpara ajudar o tratamento de sa\u00fade, \u00e9 preciso diminuir o ritmo das atividades profissionais, mas eu permane\u00e7o presente na Secretaria, auxiliando o processo de transi\u00e7\u00e3o e, posteriormente, assumindo a Coordena\u00e7\u00e3o Farmac\u00eautica\u201d, afirmou Danylo.<\/p>\n<p>Hugo Cunha assume a secretaria. H\u00e1 um ano e quatro meses \u00e0 frente do setor de farm\u00e1cia do munic\u00edpio, ele chega com experi\u00eancia e perfil jovem para encarar a dif\u00edcil tarefa de coordenar a pasta. \u201cEu tenho consci\u00eancia das dificuldades da nova miss\u00e3o, mas estou certo de que poderemos juntos desenvolver um bom trabalho durante esse pouco mais de um ano de gest\u00e3o. Estou certo de que poderei sempre contar com a experi\u00eancia de Danylo, que vai permanecer pr\u00f3ximo \u00e0 gente continuando a somar for\u00e7as ao grupo\u201d, garantiu Hugo. \/\/<strong><em>Ascom Prefeitura<\/em><\/strong><\/p>\n","protected":false},"excerpt":{"rendered":"<p>A prefeitura de Itapetinga vem a p\u00fablico informar que o farmac\u00eautico Danylo Pat\u00eas deixa a gest\u00e3o da Secretaria de Sa\u00fade Municipal. Para realizar tratamento de sa\u00fade, Pat\u00eas solicitou seu desligamento da frente da pasta. Substituir\u00e1 o ent\u00e3o secret\u00e1rio, o tamb\u00e9m farmac\u00eautico Hugo Cunha e Souza, atualmente respons\u00e1vel pela Coordena\u00e7\u00e3o da Assist\u00eancia Farmac\u00eautica. Segundo Danylo Pat\u00eas, [&hellip;]<\/p>\n","protected":false},"author":2,"featured_media":82829,"comment_status":"open","ping_status":"open","sticky":false,"template":"","format":"standard","meta":{"footnotes":"","_links_to":"","_links_to_target":""},"categories":[1],"tags":[],"class_list":["post-82828","post","type-post","status-publish","format-standard","has-post-thumbnail","hentry","category-geral"],"views":938,"_links":{"self":[{"href":"https:\/\/www.sudoestehoje.com.br\/novoportal\/wp-json\/wp\/v2\/posts\/82828","targetHints":{"allow":["GET"]}}],"collection":[{"href":"https:\/\/www.sudoestehoje.com.br\/novoportal\/wp-json\/wp\/v2\/posts"}],"about":[{"href":"https:\/\/www.sudoestehoje.com.br\/novoportal\/wp-json\/wp\/v2\/types\/post"}],"author":[{"embeddable":true,"href":"https:\/\/www.sudoestehoje.com.br\/novoportal\/wp-json\/wp\/v2\/users\/2"}],"replies":[{"embeddable":true,"href":"https:\/\/www.sudoestehoje.com.br\/novoportal\/wp-json\/wp\/v2\/comments?post=82828"}],"version-history":[{"count":3,"href":"https:\/\/www.sudoestehoje.com.br\/novoportal\/wp-json\/wp\/v2\/posts\/82828\/revisions"}],"predecessor-version":[{"id":82832,"href":"https:\/\/www.sudoestehoje.com.br\/novoportal\/wp-json\/wp\/v2\/posts\/82828\/revisions\/82832"}],"wp:featuredmedia":[{"embeddable":true,"href":"https:\/\/www.sudoestehoje.com.br\/novoportal\/wp-json\/wp\/v2\/media\/82829"}],"wp:attachment":[{"href":"https:\/\/www.sudoestehoje.com.br\/novoportal\/wp-json\/wp\/v2\/media?parent=82828"}],"wp:term":[{"taxonomy":"category","embeddable":true,"href":"https:\/\/www.sudoestehoje.com.br\/novoportal\/wp-json\/wp\/v2\/categories?post=82828"},{"taxonomy":"post_tag","embeddable":true,"href":"https:\/\/www.sudoestehoje.com.br\/novoportal\/wp-json\/wp\/v2\/tags?post=82828"}],"curies":[{"name":"wp","href":"https:\/\/api.w.org\/{rel}","templated":true}]}}