
{"id":82823,"date":"2019-10-09T20:25:43","date_gmt":"2019-10-09T23:25:43","guid":{"rendered":"https:\/\/www.sudoestehoje.com.br\/novoportal\/?p=82823"},"modified":"2019-10-09T20:39:19","modified_gmt":"2019-10-09T23:39:19","slug":"video-barraca-de-praia-de-ilheus-pega-fogo","status":"publish","type":"post","link":"https:\/\/www.sudoestehoje.com.br\/novoportal\/2019\/10\/09\/video-barraca-de-praia-de-ilheus-pega-fogo\/","title":{"rendered":"V\u00cdDEO: BARRACA DE PRAIA DE ILH\u00c9US PEGA FOGO"},"content":{"rendered":"<p><a href=\"https:\/\/www.sudoestehoje.com.br\/novoportal\/wp-content\/uploads\/2019\/10\/CONTAS-ATRASO.jpg\"><img loading=\"lazy\" decoding=\"async\" class=\"aligncenter size-medium wp-image-82807\" src=\"https:\/\/www.sudoestehoje.com.br\/novoportal\/wp-content\/uploads\/2019\/10\/CONTAS-ATRASO-500x143.jpg\" alt=\"\" width=\"500\" height=\"143\" srcset=\"https:\/\/www.sudoestehoje.com.br\/novoportal\/wp-content\/uploads\/2019\/10\/CONTAS-ATRASO-500x143.jpg 500w, https:\/\/www.sudoestehoje.com.br\/novoportal\/wp-content\/uploads\/2019\/10\/CONTAS-ATRASO-700x200.jpg 700w, https:\/\/www.sudoestehoje.com.br\/novoportal\/wp-content\/uploads\/2019\/10\/CONTAS-ATRASO.jpg 730w\" sizes=\"auto, (max-width: 500px) 100vw, 500px\" \/><\/a><a href=\"https:\/\/www.sudoestehoje.com.br\/novoportal\/wp-content\/uploads\/2019\/10\/BARRACA-GABRIELA.jpeg\"><img loading=\"lazy\" decoding=\"async\" class=\"aligncenter size-medium wp-image-82825\" src=\"https:\/\/www.sudoestehoje.com.br\/novoportal\/wp-content\/uploads\/2019\/10\/BARRACA-GABRIELA-500x265.jpeg\" alt=\"\" width=\"500\" height=\"265\" srcset=\"https:\/\/www.sudoestehoje.com.br\/novoportal\/wp-content\/uploads\/2019\/10\/BARRACA-GABRIELA-500x265.jpeg 500w, https:\/\/www.sudoestehoje.com.br\/novoportal\/wp-content\/uploads\/2019\/10\/BARRACA-GABRIELA-768x407.jpeg 768w, https:\/\/www.sudoestehoje.com.br\/novoportal\/wp-content\/uploads\/2019\/10\/BARRACA-GABRIELA-700x371.jpeg 700w, https:\/\/www.sudoestehoje.com.br\/novoportal\/wp-content\/uploads\/2019\/10\/BARRACA-GABRIELA.jpeg 1000w\" sizes=\"auto, (max-width: 500px) 100vw, 500px\" \/><\/a><\/p>\n<p>A barraca de praia Cabana Gabriela, na Praia dos Milion\u00e1rios, em Ilh\u00e9us, pegou fogo na tarde desta quarta-feira (9).\u00a0 N\u00e3o houve feridos e as causas do inc\u00eandio ainda n\u00e3o foram divulgadas.<\/p>\n<p>As informa\u00e7\u00f5es da imprensa de Ilh\u00e9us d\u00e3o conta de que, por volta das 17h, o Corpo de Bombeiros j\u00e1 havia debelado o fogo, mas permanecia no local para rescaldo.<\/p>\n<p>Testemunhas afirmam que o inc\u00eandio se iniciou na \u00e1rea externa e se alastrou rapidamente. <strong><em>Confira o v\u00eddeo:\u00a0<\/em><\/strong><\/p>\n<p><iframe loading=\"lazy\" title=\"Inc\u00eandio atinge barraca de praia em Ilh\u00e9us\" width=\"500\" height=\"375\" src=\"https:\/\/www.youtube.com\/embed\/_EdEYmbg6Mg?start=3&#038;feature=oembed\" frameborder=\"0\" allow=\"accelerometer; autoplay; clipboard-write; encrypted-media; gyroscope; picture-in-picture; web-share\" referrerpolicy=\"strict-origin-when-cross-origin\" allowfullscreen><\/iframe><\/p>\n","protected":false},"excerpt":{"rendered":"<p>A barraca de praia Cabana Gabriela, na Praia dos Milion\u00e1rios, em Ilh\u00e9us, pegou fogo na tarde desta quarta-feira (9).\u00a0 N\u00e3o houve feridos e as causas do inc\u00eandio ainda n\u00e3o foram divulgadas. As informa\u00e7\u00f5es da imprensa de Ilh\u00e9us d\u00e3o conta de que, por volta das 17h, o Corpo de Bombeiros j\u00e1 havia debelado o fogo, mas [&hellip;]<\/p>\n","protected":false},"author":2,"featured_media":82825,"comment_status":"open","ping_status":"open","sticky":false,"template":"","format":"standard","meta":{"footnotes":"","_links_to":"","_links_to_target":""},"categories":[1],"tags":[],"class_list":["post-82823","post","type-post","status-publish","format-standard","has-post-thumbnail","hentry","category-geral"],"views":899,"_links":{"self":[{"href":"https:\/\/www.sudoestehoje.com.br\/novoportal\/wp-json\/wp\/v2\/posts\/82823","targetHints":{"allow":["GET"]}}],"collection":[{"href":"https:\/\/www.sudoestehoje.com.br\/novoportal\/wp-json\/wp\/v2\/posts"}],"about":[{"href":"https:\/\/www.sudoestehoje.com.br\/novoportal\/wp-json\/wp\/v2\/types\/post"}],"author":[{"embeddable":true,"href":"https:\/\/www.sudoestehoje.com.br\/novoportal\/wp-json\/wp\/v2\/users\/2"}],"replies":[{"embeddable":true,"href":"https:\/\/www.sudoestehoje.com.br\/novoportal\/wp-json\/wp\/v2\/comments?post=82823"}],"version-history":[{"count":3,"href":"https:\/\/www.sudoestehoje.com.br\/novoportal\/wp-json\/wp\/v2\/posts\/82823\/revisions"}],"predecessor-version":[{"id":82827,"href":"https:\/\/www.sudoestehoje.com.br\/novoportal\/wp-json\/wp\/v2\/posts\/82823\/revisions\/82827"}],"wp:featuredmedia":[{"embeddable":true,"href":"https:\/\/www.sudoestehoje.com.br\/novoportal\/wp-json\/wp\/v2\/media\/82825"}],"wp:attachment":[{"href":"https:\/\/www.sudoestehoje.com.br\/novoportal\/wp-json\/wp\/v2\/media?parent=82823"}],"wp:term":[{"taxonomy":"category","embeddable":true,"href":"https:\/\/www.sudoestehoje.com.br\/novoportal\/wp-json\/wp\/v2\/categories?post=82823"},{"taxonomy":"post_tag","embeddable":true,"href":"https:\/\/www.sudoestehoje.com.br\/novoportal\/wp-json\/wp\/v2\/tags?post=82823"}],"curies":[{"name":"wp","href":"https:\/\/api.w.org\/{rel}","templated":true}]}}