
{"id":82819,"date":"2019-10-09T17:07:46","date_gmt":"2019-10-09T20:07:46","guid":{"rendered":"https:\/\/www.sudoestehoje.com.br\/novoportal\/?p=82819"},"modified":"2019-10-09T18:36:00","modified_gmt":"2019-10-09T21:36:00","slug":"como-e-o-processo-de-selecao-de-pessoal-da-empresa-assai-atacadista","status":"publish","type":"post","link":"https:\/\/www.sudoestehoje.com.br\/novoportal\/2019\/10\/09\/como-e-o-processo-de-selecao-de-pessoal-da-empresa-assai-atacadista\/","title":{"rendered":"COMO \u00c9 O PROCESSO DE SELE\u00c7\u00c3O DE PESSOAL DA EMPRESA ASSA\u00cd ATACADISTA?"},"content":{"rendered":"<p><a href=\"https:\/\/www.sudoestehoje.com.br\/novoportal\/wp-content\/uploads\/2019\/10\/CONTAS-ATRASO.jpg\"><img loading=\"lazy\" decoding=\"async\" class=\"aligncenter size-medium wp-image-82807\" src=\"https:\/\/www.sudoestehoje.com.br\/novoportal\/wp-content\/uploads\/2019\/10\/CONTAS-ATRASO-500x143.jpg\" alt=\"\" width=\"500\" height=\"143\" srcset=\"https:\/\/www.sudoestehoje.com.br\/novoportal\/wp-content\/uploads\/2019\/10\/CONTAS-ATRASO-500x143.jpg 500w, https:\/\/www.sudoestehoje.com.br\/novoportal\/wp-content\/uploads\/2019\/10\/CONTAS-ATRASO-700x200.jpg 700w, https:\/\/www.sudoestehoje.com.br\/novoportal\/wp-content\/uploads\/2019\/10\/CONTAS-ATRASO.jpg 730w\" sizes=\"auto, (max-width: 500px) 100vw, 500px\" \/><\/a><a href=\"https:\/\/www.sudoestehoje.com.br\/novoportal\/wp-content\/uploads\/2019\/10\/Unidade-Assa\u00ed-em-Ilh\u00e9us-tem-investimento-de-53-milh\u00f5es-de-reais.jpg\"><img loading=\"lazy\" decoding=\"async\" class=\"aligncenter size-medium wp-image-82820\" src=\"https:\/\/www.sudoestehoje.com.br\/novoportal\/wp-content\/uploads\/2019\/10\/Unidade-Assa\u00ed-em-Ilh\u00e9us-tem-investimento-de-53-milh\u00f5es-de-reais-500x281.jpg\" alt=\"\" width=\"500\" height=\"281\" \/><\/a><\/p>\n<p>Desde que foi anunciada a implanta\u00e7\u00e3o do Assa\u00ed Atacadista em Itapetinga, uma pergunta vem sendo feita por in\u00fameras pessoas interessadas em trabalhar na empresa: <strong>onde deixo o meu curr\u00edculo?<\/strong><\/p>\n<p>Para tentar responder a essa pergunta, o<strong><em> Sudoeste Hoje <\/em><\/strong>solicitou informa\u00e7\u00f5es da empresa e pesquisou nos sites especializados, obtendo algumas respostas sobre o processo de inscri\u00e7\u00e3o e sele\u00e7\u00e3o do pessoal a ser contratado.<\/p>\n<p>De acordo com essas informa\u00e7\u00f5es, um processo de inscri\u00e7\u00e3o ser\u00e1 aberto pelo RH da pr\u00f3pria empresa, recolhendo dados e documenta\u00e7\u00e3o dos candidatos.<\/p>\n<p>Ap\u00f3s isso, os candidatos far\u00e3o uma <strong>prova escrita<\/strong> de conhecimentos gerais, que geralmente s\u00e3o 20 quest\u00f5es e uma reda\u00e7\u00e3o de mais ou menos 15 linhas.<\/p>\n<p>Se passar na prova, a pessoa segue para entrevista em grupo e, por fim, passa pelo gestor da \u00e1rea a qual vai trabalhar.<\/p>\n<p>No final desse processo, o candidato passa por exame m\u00e9dico e teste psicol\u00f3gico. Se correr tudo bem, segue para treinamento e \u00e9 contratado.<\/p>\n<p>Em linhas gerais, \u00e9 esse o processo de sele\u00e7\u00e3o do Assa\u00ed Atacadista.<\/p>\n<p><strong><em>Por Davi Ferraz<\/em><\/strong><\/p>\n","protected":false},"excerpt":{"rendered":"<p>Desde que foi anunciada a implanta\u00e7\u00e3o do Assa\u00ed Atacadista em Itapetinga, uma pergunta vem sendo feita por in\u00fameras pessoas interessadas em trabalhar na empresa: onde deixo o meu curr\u00edculo? Para tentar responder a essa pergunta, o Sudoeste Hoje solicitou informa\u00e7\u00f5es da empresa e pesquisou nos sites especializados, obtendo algumas respostas sobre o processo de inscri\u00e7\u00e3o [&hellip;]<\/p>\n","protected":false},"author":2,"featured_media":82820,"comment_status":"open","ping_status":"open","sticky":false,"template":"","format":"standard","meta":{"footnotes":"","_links_to":"","_links_to_target":""},"categories":[1],"tags":[],"class_list":["post-82819","post","type-post","status-publish","format-standard","has-post-thumbnail","hentry","category-geral"],"views":2176,"_links":{"self":[{"href":"https:\/\/www.sudoestehoje.com.br\/novoportal\/wp-json\/wp\/v2\/posts\/82819","targetHints":{"allow":["GET"]}}],"collection":[{"href":"https:\/\/www.sudoestehoje.com.br\/novoportal\/wp-json\/wp\/v2\/posts"}],"about":[{"href":"https:\/\/www.sudoestehoje.com.br\/novoportal\/wp-json\/wp\/v2\/types\/post"}],"author":[{"embeddable":true,"href":"https:\/\/www.sudoestehoje.com.br\/novoportal\/wp-json\/wp\/v2\/users\/2"}],"replies":[{"embeddable":true,"href":"https:\/\/www.sudoestehoje.com.br\/novoportal\/wp-json\/wp\/v2\/comments?post=82819"}],"version-history":[{"count":2,"href":"https:\/\/www.sudoestehoje.com.br\/novoportal\/wp-json\/wp\/v2\/posts\/82819\/revisions"}],"predecessor-version":[{"id":82822,"href":"https:\/\/www.sudoestehoje.com.br\/novoportal\/wp-json\/wp\/v2\/posts\/82819\/revisions\/82822"}],"wp:featuredmedia":[{"embeddable":true,"href":"https:\/\/www.sudoestehoje.com.br\/novoportal\/wp-json\/wp\/v2\/media\/82820"}],"wp:attachment":[{"href":"https:\/\/www.sudoestehoje.com.br\/novoportal\/wp-json\/wp\/v2\/media?parent=82819"}],"wp:term":[{"taxonomy":"category","embeddable":true,"href":"https:\/\/www.sudoestehoje.com.br\/novoportal\/wp-json\/wp\/v2\/categories?post=82819"},{"taxonomy":"post_tag","embeddable":true,"href":"https:\/\/www.sudoestehoje.com.br\/novoportal\/wp-json\/wp\/v2\/tags?post=82819"}],"curies":[{"name":"wp","href":"https:\/\/api.w.org\/{rel}","templated":true}]}}