
{"id":82816,"date":"2019-10-09T16:39:49","date_gmt":"2019-10-09T19:39:49","guid":{"rendered":"https:\/\/www.sudoestehoje.com.br\/novoportal\/?p=82816"},"modified":"2019-10-09T16:39:49","modified_gmt":"2019-10-09T19:39:49","slug":"final-de-ano-nao-tera-horario-de-verao-pela-primeira-vez-em-34-anos","status":"publish","type":"post","link":"https:\/\/www.sudoestehoje.com.br\/novoportal\/2019\/10\/09\/final-de-ano-nao-tera-horario-de-verao-pela-primeira-vez-em-34-anos\/","title":{"rendered":"FINAL DE ANO N\u00c3O TER\u00c1 HOR\u00c1RIO DE VER\u00c3O PELA PRIMEIRA VEZ EM 34 ANOS"},"content":{"rendered":"<p><a href=\"https:\/\/www.sudoestehoje.com.br\/novoportal\/wp-content\/uploads\/2019\/10\/CONTAS-ATRASO.jpg\"><img loading=\"lazy\" decoding=\"async\" class=\"aligncenter size-medium wp-image-82807\" src=\"https:\/\/www.sudoestehoje.com.br\/novoportal\/wp-content\/uploads\/2019\/10\/CONTAS-ATRASO-500x143.jpg\" alt=\"\" width=\"500\" height=\"143\" srcset=\"https:\/\/www.sudoestehoje.com.br\/novoportal\/wp-content\/uploads\/2019\/10\/CONTAS-ATRASO-500x143.jpg 500w, https:\/\/www.sudoestehoje.com.br\/novoportal\/wp-content\/uploads\/2019\/10\/CONTAS-ATRASO-700x200.jpg 700w, https:\/\/www.sudoestehoje.com.br\/novoportal\/wp-content\/uploads\/2019\/10\/CONTAS-ATRASO.jpg 730w\" sizes=\"auto, (max-width: 500px) 100vw, 500px\" \/><\/a><a href=\"https:\/\/www.sudoestehoje.com.br\/novoportal\/wp-content\/uploads\/2019\/10\/FIM-HOR\u00c1RIO-VER\u00c3O.jpg\"><img loading=\"lazy\" decoding=\"async\" class=\"aligncenter size-medium wp-image-82817\" src=\"https:\/\/www.sudoestehoje.com.br\/novoportal\/wp-content\/uploads\/2019\/10\/FIM-HOR\u00c1RIO-VER\u00c3O-500x331.jpg\" alt=\"\" width=\"500\" height=\"331\" srcset=\"https:\/\/www.sudoestehoje.com.br\/novoportal\/wp-content\/uploads\/2019\/10\/FIM-HOR\u00c1RIO-VER\u00c3O-500x331.jpg 500w, https:\/\/www.sudoestehoje.com.br\/novoportal\/wp-content\/uploads\/2019\/10\/FIM-HOR\u00c1RIO-VER\u00c3O-768x509.jpg 768w, https:\/\/www.sudoestehoje.com.br\/novoportal\/wp-content\/uploads\/2019\/10\/FIM-HOR\u00c1RIO-VER\u00c3O-700x464.jpg 700w, https:\/\/www.sudoestehoje.com.br\/novoportal\/wp-content\/uploads\/2019\/10\/FIM-HOR\u00c1RIO-VER\u00c3O.jpg 860w\" sizes=\"auto, (max-width: 500px) 100vw, 500px\" \/><\/a><\/p>\n<p>A esta altura do ano, moradores das regi\u00f5es Sul, Sudeste e Centro-Oeste j\u00e1 estariam se preparando para acordar uma hora mais cedo com o in\u00edcio do hor\u00e1rio de ver\u00e3o, em vigor desde 1985. Por\u00e9m, um\u00a0<a class=\"external-link\" href=\"http:\/\/www.planalto.gov.br\/ccivil_03\/_Ato2019-2022\/2019\/Decreto\/D9772.htm\">decreto assinado em abril pelo presidente Jair Bolsonaro<\/a> cancelou a mudan\u00e7a nos rel\u00f3gios este ano.<\/p>\n<p>Adotado para aproveitar a ilumina\u00e7\u00e3o natural no fim da tarde, quando o consumo de energia \u00e9 mais alto, o hor\u00e1rio de ver\u00e3o era tamb\u00e9m impopular: a falta de luz solar primeiras horas do dia, dificultava a vida de trabalhadores e estudantes. Pesquisa do DataSenado, entre outras, apontou em 2018 que a <a class=\"external-link\" href=\"http:\/\/www12.senado.leg.br\/noticias\/materias\/2018\/12\/03\/maioria-dos-entrevistados-pelo-datasenado-quer-fim-do-horario-de-verao\">maioria dos consultados queria o fim da medida<\/a>.<\/p>\n<p><strong><em>Fonte: Ag\u00eancia Senado<\/em><\/strong><\/p>\n","protected":false},"excerpt":{"rendered":"<p>A esta altura do ano, moradores das regi\u00f5es Sul, Sudeste e Centro-Oeste j\u00e1 estariam se preparando para acordar uma hora mais cedo com o in\u00edcio do hor\u00e1rio de ver\u00e3o, em vigor desde 1985. Por\u00e9m, um\u00a0decreto assinado em abril pelo presidente Jair Bolsonaro cancelou a mudan\u00e7a nos rel\u00f3gios este ano. Adotado para aproveitar a ilumina\u00e7\u00e3o natural [&hellip;]<\/p>\n","protected":false},"author":2,"featured_media":82817,"comment_status":"open","ping_status":"open","sticky":false,"template":"","format":"standard","meta":{"footnotes":"","_links_to":"","_links_to_target":""},"categories":[1],"tags":[],"class_list":["post-82816","post","type-post","status-publish","format-standard","has-post-thumbnail","hentry","category-geral"],"views":750,"_links":{"self":[{"href":"https:\/\/www.sudoestehoje.com.br\/novoportal\/wp-json\/wp\/v2\/posts\/82816","targetHints":{"allow":["GET"]}}],"collection":[{"href":"https:\/\/www.sudoestehoje.com.br\/novoportal\/wp-json\/wp\/v2\/posts"}],"about":[{"href":"https:\/\/www.sudoestehoje.com.br\/novoportal\/wp-json\/wp\/v2\/types\/post"}],"author":[{"embeddable":true,"href":"https:\/\/www.sudoestehoje.com.br\/novoportal\/wp-json\/wp\/v2\/users\/2"}],"replies":[{"embeddable":true,"href":"https:\/\/www.sudoestehoje.com.br\/novoportal\/wp-json\/wp\/v2\/comments?post=82816"}],"version-history":[{"count":1,"href":"https:\/\/www.sudoestehoje.com.br\/novoportal\/wp-json\/wp\/v2\/posts\/82816\/revisions"}],"predecessor-version":[{"id":82818,"href":"https:\/\/www.sudoestehoje.com.br\/novoportal\/wp-json\/wp\/v2\/posts\/82816\/revisions\/82818"}],"wp:featuredmedia":[{"embeddable":true,"href":"https:\/\/www.sudoestehoje.com.br\/novoportal\/wp-json\/wp\/v2\/media\/82817"}],"wp:attachment":[{"href":"https:\/\/www.sudoestehoje.com.br\/novoportal\/wp-json\/wp\/v2\/media?parent=82816"}],"wp:term":[{"taxonomy":"category","embeddable":true,"href":"https:\/\/www.sudoestehoje.com.br\/novoportal\/wp-json\/wp\/v2\/categories?post=82816"},{"taxonomy":"post_tag","embeddable":true,"href":"https:\/\/www.sudoestehoje.com.br\/novoportal\/wp-json\/wp\/v2\/tags?post=82816"}],"curies":[{"name":"wp","href":"https:\/\/api.w.org\/{rel}","templated":true}]}}