
{"id":82777,"date":"2019-10-08T19:39:55","date_gmt":"2019-10-08T22:39:55","guid":{"rendered":"https:\/\/www.sudoestehoje.com.br\/novoportal\/?p=82777"},"modified":"2019-10-08T20:19:26","modified_gmt":"2019-10-08T23:19:26","slug":"comandante-geral-da-pm-nega-greve-de-policiais-na-bahiamovimento-e-politico","status":"publish","type":"post","link":"https:\/\/www.sudoestehoje.com.br\/novoportal\/2019\/10\/08\/comandante-geral-da-pm-nega-greve-de-policiais-na-bahiamovimento-e-politico\/","title":{"rendered":"COMANDANTE GERAL DA PM NEGA GREVE DE POLICIAIS NA BAHIA;&#8221;MOVIMENTO \u00c9 POL\u00cdTICO&#8221;"},"content":{"rendered":"<p><a href=\"https:\/\/www.sudoestehoje.com.br\/novoportal\/wp-content\/uploads\/2019\/10\/pratica-banner-blog.jpg\"><img loading=\"lazy\" decoding=\"async\" class=\"aligncenter size-medium wp-image-82787\" src=\"https:\/\/www.sudoestehoje.com.br\/novoportal\/wp-content\/uploads\/2019\/10\/pratica-banner-blog-500x206.jpg\" alt=\"\" width=\"500\" height=\"206\" srcset=\"https:\/\/www.sudoestehoje.com.br\/novoportal\/wp-content\/uploads\/2019\/10\/pratica-banner-blog-500x206.jpg 500w, https:\/\/www.sudoestehoje.com.br\/novoportal\/wp-content\/uploads\/2019\/10\/pratica-banner-blog.jpg 552w\" sizes=\"auto, (max-width: 500px) 100vw, 500px\" \/><\/a><a href=\"https:\/\/www.sudoestehoje.com.br\/novoportal\/wp-content\/uploads\/2019\/10\/Anselmo-foto-de-Eloi-Correia-da-Secom-1000x530.jpg\"><img loading=\"lazy\" decoding=\"async\" class=\"aligncenter size-medium wp-image-82778\" src=\"https:\/\/www.sudoestehoje.com.br\/novoportal\/wp-content\/uploads\/2019\/10\/Anselmo-foto-de-Eloi-Correia-da-Secom-1000x530-500x265.jpg\" alt=\"\" width=\"500\" height=\"265\" srcset=\"https:\/\/www.sudoestehoje.com.br\/novoportal\/wp-content\/uploads\/2019\/10\/Anselmo-foto-de-Eloi-Correia-da-Secom-1000x530-500x265.jpg 500w, https:\/\/www.sudoestehoje.com.br\/novoportal\/wp-content\/uploads\/2019\/10\/Anselmo-foto-de-Eloi-Correia-da-Secom-1000x530-768x407.jpg 768w, https:\/\/www.sudoestehoje.com.br\/novoportal\/wp-content\/uploads\/2019\/10\/Anselmo-foto-de-Eloi-Correia-da-Secom-1000x530-700x371.jpg 700w, https:\/\/www.sudoestehoje.com.br\/novoportal\/wp-content\/uploads\/2019\/10\/Anselmo-foto-de-Eloi-Correia-da-Secom-1000x530.jpg 1000w\" sizes=\"auto, (max-width: 500px) 100vw, 500px\" \/><\/a><\/p>\n<p>Em nota divulgada no come\u00e7o da noite desta ter\u00e7a-feira (8), o governo informa que \u201co Comando Geral da Pol\u00edcia Militar afirma que recebeu a informa\u00e7\u00e3o de uma greve decretada por um deputado estadual. Trata-se de um movimento pol\u00edtico sem a ades\u00e3o da PM\u201d.<\/p>\n<p>Para a PM, \u201co movimento pol\u00edtico tem a inten\u00e7\u00e3o de criar clima de inseguran\u00e7a\u201d.<\/p>\n<p>\u201cA Pol\u00edcia Militar da Bahia garante o policiamento ostensivo em todo o estado e tranquiliza a popula\u00e7\u00e3o, que deve manter sua rotina normalmente. Refor\u00e7a que o respons\u00e1vel pelas opera\u00e7\u00f5es nas ruas\u00a0 \u00e9 o Quartel do Comando Geral, que est\u00e1 pronto para atender a todas as demandas da sociedade.\u00a0 Adianta ainda que, os policiais que n\u00e3o atenderem suas escalas responder\u00e3o conforme Legisla\u00e7\u00e3o Militar\u201d, diz a nota.<\/p>\n<p>De acordo com o o comandante geral da PM, Alnselmo Brand\u00e3o, a PM est\u00e1 operando normalmente. \u201cA nossa tropa est\u00e1 nas ruas. Hoje, ela vai dar uma resposta nas ruas, mostrando o quanto estamos compromissados com a seguran\u00e7a de voc\u00eas. Pode confiar em todos os nossos servi\u00e7os\u201d, afirma.<\/p>\n","protected":false},"excerpt":{"rendered":"<p>Em nota divulgada no come\u00e7o da noite desta ter\u00e7a-feira (8), o governo informa que \u201co Comando Geral da Pol\u00edcia Militar afirma que recebeu a informa\u00e7\u00e3o de uma greve decretada por um deputado estadual. Trata-se de um movimento pol\u00edtico sem a ades\u00e3o da PM\u201d. Para a PM, \u201co movimento pol\u00edtico tem a inten\u00e7\u00e3o de criar clima [&hellip;]<\/p>\n","protected":false},"author":2,"featured_media":82778,"comment_status":"open","ping_status":"open","sticky":false,"template":"","format":"standard","meta":{"footnotes":"","_links_to":"","_links_to_target":""},"categories":[1],"tags":[],"class_list":["post-82777","post","type-post","status-publish","format-standard","has-post-thumbnail","hentry","category-geral"],"views":698,"_links":{"self":[{"href":"https:\/\/www.sudoestehoje.com.br\/novoportal\/wp-json\/wp\/v2\/posts\/82777","targetHints":{"allow":["GET"]}}],"collection":[{"href":"https:\/\/www.sudoestehoje.com.br\/novoportal\/wp-json\/wp\/v2\/posts"}],"about":[{"href":"https:\/\/www.sudoestehoje.com.br\/novoportal\/wp-json\/wp\/v2\/types\/post"}],"author":[{"embeddable":true,"href":"https:\/\/www.sudoestehoje.com.br\/novoportal\/wp-json\/wp\/v2\/users\/2"}],"replies":[{"embeddable":true,"href":"https:\/\/www.sudoestehoje.com.br\/novoportal\/wp-json\/wp\/v2\/comments?post=82777"}],"version-history":[{"count":3,"href":"https:\/\/www.sudoestehoje.com.br\/novoportal\/wp-json\/wp\/v2\/posts\/82777\/revisions"}],"predecessor-version":[{"id":82788,"href":"https:\/\/www.sudoestehoje.com.br\/novoportal\/wp-json\/wp\/v2\/posts\/82777\/revisions\/82788"}],"wp:featuredmedia":[{"embeddable":true,"href":"https:\/\/www.sudoestehoje.com.br\/novoportal\/wp-json\/wp\/v2\/media\/82778"}],"wp:attachment":[{"href":"https:\/\/www.sudoestehoje.com.br\/novoportal\/wp-json\/wp\/v2\/media?parent=82777"}],"wp:term":[{"taxonomy":"category","embeddable":true,"href":"https:\/\/www.sudoestehoje.com.br\/novoportal\/wp-json\/wp\/v2\/categories?post=82777"},{"taxonomy":"post_tag","embeddable":true,"href":"https:\/\/www.sudoestehoje.com.br\/novoportal\/wp-json\/wp\/v2\/tags?post=82777"}],"curies":[{"name":"wp","href":"https:\/\/api.w.org\/{rel}","templated":true}]}}