
{"id":82754,"date":"2019-10-08T08:47:05","date_gmt":"2019-10-08T11:47:05","guid":{"rendered":"https:\/\/www.sudoestehoje.com.br\/novoportal\/?p=82754"},"modified":"2019-10-08T20:22:17","modified_gmt":"2019-10-08T23:22:17","slug":"nova-executiva-do-psc-de-itapetinga-e-empossada-em-salvador-geraldo-e-o-presidente","status":"publish","type":"post","link":"https:\/\/www.sudoestehoje.com.br\/novoportal\/2019\/10\/08\/nova-executiva-do-psc-de-itapetinga-e-empossada-em-salvador-geraldo-e-o-presidente\/","title":{"rendered":"NOVA EXECUTIVA DO PSC DE ITAPETINGA \u00c9 EMPOSSADA EM SALVADOR; GERALDO \u00c9 O PRESIDENTE"},"content":{"rendered":"<p><a href=\"https:\/\/www.sudoestehoje.com.br\/novoportal\/wp-content\/uploads\/2019\/10\/pratica-banner-blog-1.jpg\"><img loading=\"lazy\" decoding=\"async\" class=\"aligncenter size-medium wp-image-82789\" src=\"https:\/\/www.sudoestehoje.com.br\/novoportal\/wp-content\/uploads\/2019\/10\/pratica-banner-blog-1-500x206.jpg\" alt=\"\" width=\"500\" height=\"206\" srcset=\"https:\/\/www.sudoestehoje.com.br\/novoportal\/wp-content\/uploads\/2019\/10\/pratica-banner-blog-1-500x206.jpg 500w, https:\/\/www.sudoestehoje.com.br\/novoportal\/wp-content\/uploads\/2019\/10\/pratica-banner-blog-1.jpg 552w\" sizes=\"auto, (max-width: 500px) 100vw, 500px\" \/><\/a><a href=\"https:\/\/www.sudoestehoje.com.br\/novoportal\/wp-content\/uploads\/2019\/10\/psc.jpeg\"><img loading=\"lazy\" decoding=\"async\" class=\"aligncenter size-medium wp-image-82756\" src=\"https:\/\/www.sudoestehoje.com.br\/novoportal\/wp-content\/uploads\/2019\/10\/psc-500x260.jpeg\" alt=\"\" width=\"500\" height=\"260\" srcset=\"https:\/\/www.sudoestehoje.com.br\/novoportal\/wp-content\/uploads\/2019\/10\/psc-500x260.jpeg 500w, https:\/\/www.sudoestehoje.com.br\/novoportal\/wp-content\/uploads\/2019\/10\/psc-768x399.jpeg 768w, https:\/\/www.sudoestehoje.com.br\/novoportal\/wp-content\/uploads\/2019\/10\/psc-700x363.jpeg 700w, https:\/\/www.sudoestehoje.com.br\/novoportal\/wp-content\/uploads\/2019\/10\/psc.jpeg 780w\" sizes=\"auto, (max-width: 500px) 100vw, 500px\" \/><\/a><\/p>\n<p>Na tarde desta segunda-feira 07, foi empossada na capital do Estado a nova Diretoria Executiva do PSC \u2013 Partido Social Crist\u00e3o de Itapetinga em reuni\u00e3o que contou com a presen\u00e7a do Presidente Estadual da Sigla H\u00e9ber Santana, do Vice Presidente Estadual Jorge Mendes, do Secret\u00e1rio Geral Robson Batista, do Vereador Marcio Piu, do Secret\u00e1rio Municipal de Educa\u00e7\u00e3o Geraldo Trindade, do Pastor Gilberto Bahia, do Assessor Municipal Fl\u00e1vio Ferraz e de integrantes da Executiva Estadual.<\/p>\n<p>O Partido renovado e rejuvenescido em Itapetinga \u00a0vem para refor\u00e7ar a base pol\u00edtica do Prefeito Rodrigo Hagge e dever\u00e1 se consolidar como um dos principais grupos pol\u00edticos municipais. Al\u00e9m dos dois vereadores eleitos pela legenda em 2016 o PSC passa a contar com o Secret\u00e1rio Municipal de Educa\u00e7\u00e3o e a ades\u00e3o de dezenas de importantes lideran\u00e7as entre vereadores, lideran\u00e7as pol\u00edticas e religiosas que ser\u00e3o apresentadas em grande evento pol\u00edtico com data a ser agendada para o in\u00edcio do m\u00eas de novembro.<\/p>\n<p>A ess\u00eancia Crist\u00e3 do Partido tamb\u00e9m foi fortalecida com a nova lideran\u00e7a municipal que passa a ter em sua composi\u00e7\u00e3o dois pastores evang\u00e9licos e tr\u00eas integrantes da diretoria anterior, al\u00e9m do refor\u00e7o de importantes lideran\u00e7as de v\u00e1rios setores da comunidade itapetinguense.<\/p>\n<p>O quadro pol\u00edtico municipal come\u00e7a a ser redefinido numa nova conjuntura em que os grupos coesos, unidos e engajados no prop\u00f3sito em promover o desenvolvimento municipal ser\u00e3o mais importantes do que lideran\u00e7as individuais isoladas. Com certeza a pol\u00edtica itapetinguense ganha em qualidade e credibilidade com o novo PSC Municipal que promete grandes surpresas a serem anunciadas no seu evento oficial de lan\u00e7amento que j\u00e1 est\u00e1 sendo preparado pela nova Comiss\u00e3o Executiva que tem como integrantes:<\/p>\n<p><strong>PRESIDENTE<\/strong>: GERALDO TRINDADE (Secret\u00e1rio de Educa\u00e7\u00e3o)<\/p>\n<p><strong>VICE-PRESIDENTE<\/strong>: PASTOR GILBERTO BAHIA<\/p>\n<p><strong>TESOUREIRO<\/strong>: FL\u00c1VIO FERRAZ<\/p>\n<p><strong>SECRET\u00c1RIO<\/strong>: ERIVALDO SANTOS<\/p>\n<p><strong>1\u00ba VOGAL<\/strong>: MILTON ROSA<\/p>\n<p><strong>2\u00ba VOGAL<\/strong>: CARLOS ALBERTO SANTOS (CARL\u00c3O)<\/p>\n<p><strong>3\u00b0 VOGAL<\/strong>: PASTOR JEAN DORIEL<\/p>\n","protected":false},"excerpt":{"rendered":"<p>Na tarde desta segunda-feira 07, foi empossada na capital do Estado a nova Diretoria Executiva do PSC \u2013 Partido Social Crist\u00e3o de Itapetinga em reuni\u00e3o que contou com a presen\u00e7a do Presidente Estadual da Sigla H\u00e9ber Santana, do Vice Presidente Estadual Jorge Mendes, do Secret\u00e1rio Geral Robson Batista, do Vereador Marcio Piu, do Secret\u00e1rio Municipal [&hellip;]<\/p>\n","protected":false},"author":2,"featured_media":82756,"comment_status":"open","ping_status":"open","sticky":false,"template":"","format":"standard","meta":{"footnotes":"","_links_to":"","_links_to_target":""},"categories":[1],"tags":[],"class_list":["post-82754","post","type-post","status-publish","format-standard","has-post-thumbnail","hentry","category-geral"],"views":792,"_links":{"self":[{"href":"https:\/\/www.sudoestehoje.com.br\/novoportal\/wp-json\/wp\/v2\/posts\/82754","targetHints":{"allow":["GET"]}}],"collection":[{"href":"https:\/\/www.sudoestehoje.com.br\/novoportal\/wp-json\/wp\/v2\/posts"}],"about":[{"href":"https:\/\/www.sudoestehoje.com.br\/novoportal\/wp-json\/wp\/v2\/types\/post"}],"author":[{"embeddable":true,"href":"https:\/\/www.sudoestehoje.com.br\/novoportal\/wp-json\/wp\/v2\/users\/2"}],"replies":[{"embeddable":true,"href":"https:\/\/www.sudoestehoje.com.br\/novoportal\/wp-json\/wp\/v2\/comments?post=82754"}],"version-history":[{"count":6,"href":"https:\/\/www.sudoestehoje.com.br\/novoportal\/wp-json\/wp\/v2\/posts\/82754\/revisions"}],"predecessor-version":[{"id":82792,"href":"https:\/\/www.sudoestehoje.com.br\/novoportal\/wp-json\/wp\/v2\/posts\/82754\/revisions\/82792"}],"wp:featuredmedia":[{"embeddable":true,"href":"https:\/\/www.sudoestehoje.com.br\/novoportal\/wp-json\/wp\/v2\/media\/82756"}],"wp:attachment":[{"href":"https:\/\/www.sudoestehoje.com.br\/novoportal\/wp-json\/wp\/v2\/media?parent=82754"}],"wp:term":[{"taxonomy":"category","embeddable":true,"href":"https:\/\/www.sudoestehoje.com.br\/novoportal\/wp-json\/wp\/v2\/categories?post=82754"},{"taxonomy":"post_tag","embeddable":true,"href":"https:\/\/www.sudoestehoje.com.br\/novoportal\/wp-json\/wp\/v2\/tags?post=82754"}],"curies":[{"name":"wp","href":"https:\/\/api.w.org\/{rel}","templated":true}]}}