
{"id":82712,"date":"2019-10-04T22:48:07","date_gmt":"2019-10-05T01:48:07","guid":{"rendered":"https:\/\/www.sudoestehoje.com.br\/novoportal\/?p=82712"},"modified":"2019-10-04T22:48:07","modified_gmt":"2019-10-05T01:48:07","slug":"intermunicipal-torcida-os-fanaticos-vai-a-canudos-com-a-selecao-de-itapetinga","status":"publish","type":"post","link":"https:\/\/www.sudoestehoje.com.br\/novoportal\/2019\/10\/04\/intermunicipal-torcida-os-fanaticos-vai-a-canudos-com-a-selecao-de-itapetinga\/","title":{"rendered":"INTERMUNICIPAL: TORCIDA &#8220;OS FAN\u00c1TICOS&#8221; VAI A CANUDOS COM A SELE\u00c7\u00c3O DE ITAPETINGA"},"content":{"rendered":"<p><a href=\"https:\/\/www.sudoestehoje.com.br\/novoportal\/wp-content\/uploads\/2019\/10\/torcida-os-fan\u00e1ticos.jpg\"><img loading=\"lazy\" decoding=\"async\" class=\"aligncenter size-medium wp-image-82714\" src=\"https:\/\/www.sudoestehoje.com.br\/novoportal\/wp-content\/uploads\/2019\/10\/torcida-os-fan\u00e1ticos-500x357.jpg\" alt=\"\" width=\"500\" height=\"357\" srcset=\"https:\/\/www.sudoestehoje.com.br\/novoportal\/wp-content\/uploads\/2019\/10\/torcida-os-fan\u00e1ticos-500x357.jpg 500w, https:\/\/www.sudoestehoje.com.br\/novoportal\/wp-content\/uploads\/2019\/10\/torcida-os-fan\u00e1ticos-768x549.jpg 768w, https:\/\/www.sudoestehoje.com.br\/novoportal\/wp-content\/uploads\/2019\/10\/torcida-os-fan\u00e1ticos-700x500.jpg 700w, https:\/\/www.sudoestehoje.com.br\/novoportal\/wp-content\/uploads\/2019\/10\/torcida-os-fan\u00e1ticos.jpg 960w\" sizes=\"auto, (max-width: 500px) 100vw, 500px\" \/><\/a><\/p>\n<p>Fiel e animada, a torcida organizada &#8216;Os fan\u00e1ticos&#8217; j\u00e1 est\u00e1 de malas prontas para acompanhar a Sele\u00e7\u00e3o de Itapetinga, no jogo de ida contra a forte equipe de Canudos, no Norte da Bahia, no pr\u00f3ximo domingo (6).<\/p>\n<p>Depois de vencer as duas partidas contra Guanambi, a sele\u00e7\u00e3o de Itapetinga parte para a terceira fase do Intermunicipal, jogando longe de casa, mas com uma torcida animada ao seu lado.<\/p>\n<p>Canudos que aguarde&#8230;<\/p>\n<p><strong><em>Por Davi Ferraz\u00a0<\/em><\/strong><\/p>\n","protected":false},"excerpt":{"rendered":"<p>Fiel e animada, a torcida organizada &#8216;Os fan\u00e1ticos&#8217; j\u00e1 est\u00e1 de malas prontas para acompanhar a Sele\u00e7\u00e3o de Itapetinga, no jogo de ida contra a forte equipe de Canudos, no Norte da Bahia, no pr\u00f3ximo domingo (6). Depois de vencer as duas partidas contra Guanambi, a sele\u00e7\u00e3o de Itapetinga parte para a terceira fase do [&hellip;]<\/p>\n","protected":false},"author":2,"featured_media":82714,"comment_status":"open","ping_status":"open","sticky":false,"template":"","format":"standard","meta":{"footnotes":"","_links_to":"","_links_to_target":""},"categories":[1],"tags":[],"class_list":["post-82712","post","type-post","status-publish","format-standard","has-post-thumbnail","hentry","category-geral"],"views":1104,"_links":{"self":[{"href":"https:\/\/www.sudoestehoje.com.br\/novoportal\/wp-json\/wp\/v2\/posts\/82712","targetHints":{"allow":["GET"]}}],"collection":[{"href":"https:\/\/www.sudoestehoje.com.br\/novoportal\/wp-json\/wp\/v2\/posts"}],"about":[{"href":"https:\/\/www.sudoestehoje.com.br\/novoportal\/wp-json\/wp\/v2\/types\/post"}],"author":[{"embeddable":true,"href":"https:\/\/www.sudoestehoje.com.br\/novoportal\/wp-json\/wp\/v2\/users\/2"}],"replies":[{"embeddable":true,"href":"https:\/\/www.sudoestehoje.com.br\/novoportal\/wp-json\/wp\/v2\/comments?post=82712"}],"version-history":[{"count":3,"href":"https:\/\/www.sudoestehoje.com.br\/novoportal\/wp-json\/wp\/v2\/posts\/82712\/revisions"}],"predecessor-version":[{"id":82716,"href":"https:\/\/www.sudoestehoje.com.br\/novoportal\/wp-json\/wp\/v2\/posts\/82712\/revisions\/82716"}],"wp:featuredmedia":[{"embeddable":true,"href":"https:\/\/www.sudoestehoje.com.br\/novoportal\/wp-json\/wp\/v2\/media\/82714"}],"wp:attachment":[{"href":"https:\/\/www.sudoestehoje.com.br\/novoportal\/wp-json\/wp\/v2\/media?parent=82712"}],"wp:term":[{"taxonomy":"category","embeddable":true,"href":"https:\/\/www.sudoestehoje.com.br\/novoportal\/wp-json\/wp\/v2\/categories?post=82712"},{"taxonomy":"post_tag","embeddable":true,"href":"https:\/\/www.sudoestehoje.com.br\/novoportal\/wp-json\/wp\/v2\/tags?post=82712"}],"curies":[{"name":"wp","href":"https:\/\/api.w.org\/{rel}","templated":true}]}}