
{"id":82695,"date":"2019-10-04T21:04:22","date_gmt":"2019-10-05T00:04:22","guid":{"rendered":"https:\/\/www.sudoestehoje.com.br\/novoportal\/?p=82695"},"modified":"2019-10-04T21:08:29","modified_gmt":"2019-10-05T00:08:29","slug":"video-bandido-cospe-em-reporter-da-band-e-leva-microfonada-na-cabeca","status":"publish","type":"post","link":"https:\/\/www.sudoestehoje.com.br\/novoportal\/2019\/10\/04\/video-bandido-cospe-em-reporter-da-band-e-leva-microfonada-na-cabeca\/","title":{"rendered":"V\u00cdDEO: BANDIDO COSPE EM REP\u00d3RTER DA BAND E LEVA &#8216;MICROFONADA&#8217; NA CABE\u00c7A"},"content":{"rendered":"<p><a href=\"https:\/\/www.sudoestehoje.com.br\/novoportal\/wp-content\/uploads\/2019\/10\/reporter-elisangela-carreira.jpg\"><img loading=\"lazy\" decoding=\"async\" class=\"aligncenter size-medium wp-image-82696\" src=\"https:\/\/www.sudoestehoje.com.br\/novoportal\/wp-content\/uploads\/2019\/10\/reporter-elisangela-carreira-500x282.jpg\" alt=\"\" width=\"500\" height=\"282\" srcset=\"https:\/\/www.sudoestehoje.com.br\/novoportal\/wp-content\/uploads\/2019\/10\/reporter-elisangela-carreira-500x282.jpg 500w, https:\/\/www.sudoestehoje.com.br\/novoportal\/wp-content\/uploads\/2019\/10\/reporter-elisangela-carreira.jpg 696w\" sizes=\"auto, (max-width: 500px) 100vw, 500px\" \/><\/a><\/p>\n<p>A edi\u00e7\u00e3o dessa quinta-feira (3) do programa Bora SP, da Band, mostrou uma situa\u00e7\u00e3o inusitada vivida pela rep\u00f3rter Elis\u00e2ngela Carreira. A jornalista tentou entrevistar Eronildo Martins de Vasconcelos, suspeito de estuprar e matar Aline Dantas, quando foi alvo de uma cusparada por parte do detido.<\/p>\n<p>Na sequ\u00eancia, Elis\u00e2ngela n\u00e3o deixou barato e revidou, usando o microfone que estava trabalhando para acertar Eronildo. \u201cSeu nojo, seu lixo. Voc\u00ea matou a Aline!\u201d, ainda afirmou a rep\u00f3rter. Mais tarde, no Brasil Urgente, comandado por Jos\u00e9 Luiz Datena, a jornalista falou sobre o ocorrido. Confira.<\/p>\n<p>https:\/\/www.youtube.com\/watch?time_continue=10&#038;v=lOnBr7Tn9XU<\/p>\n","protected":false},"excerpt":{"rendered":"<p>A edi\u00e7\u00e3o dessa quinta-feira (3) do programa Bora SP, da Band, mostrou uma situa\u00e7\u00e3o inusitada vivida pela rep\u00f3rter Elis\u00e2ngela Carreira. A jornalista tentou entrevistar Eronildo Martins de Vasconcelos, suspeito de estuprar e matar Aline Dantas, quando foi alvo de uma cusparada por parte do detido. Na sequ\u00eancia, Elis\u00e2ngela n\u00e3o deixou barato e revidou, usando o [&hellip;]<\/p>\n","protected":false},"author":2,"featured_media":82696,"comment_status":"open","ping_status":"open","sticky":false,"template":"","format":"standard","meta":{"footnotes":"","_links_to":"","_links_to_target":""},"categories":[1],"tags":[],"class_list":["post-82695","post","type-post","status-publish","format-standard","has-post-thumbnail","hentry","category-geral"],"views":1227,"_links":{"self":[{"href":"https:\/\/www.sudoestehoje.com.br\/novoportal\/wp-json\/wp\/v2\/posts\/82695","targetHints":{"allow":["GET"]}}],"collection":[{"href":"https:\/\/www.sudoestehoje.com.br\/novoportal\/wp-json\/wp\/v2\/posts"}],"about":[{"href":"https:\/\/www.sudoestehoje.com.br\/novoportal\/wp-json\/wp\/v2\/types\/post"}],"author":[{"embeddable":true,"href":"https:\/\/www.sudoestehoje.com.br\/novoportal\/wp-json\/wp\/v2\/users\/2"}],"replies":[{"embeddable":true,"href":"https:\/\/www.sudoestehoje.com.br\/novoportal\/wp-json\/wp\/v2\/comments?post=82695"}],"version-history":[{"count":1,"href":"https:\/\/www.sudoestehoje.com.br\/novoportal\/wp-json\/wp\/v2\/posts\/82695\/revisions"}],"predecessor-version":[{"id":82697,"href":"https:\/\/www.sudoestehoje.com.br\/novoportal\/wp-json\/wp\/v2\/posts\/82695\/revisions\/82697"}],"wp:featuredmedia":[{"embeddable":true,"href":"https:\/\/www.sudoestehoje.com.br\/novoportal\/wp-json\/wp\/v2\/media\/82696"}],"wp:attachment":[{"href":"https:\/\/www.sudoestehoje.com.br\/novoportal\/wp-json\/wp\/v2\/media?parent=82695"}],"wp:term":[{"taxonomy":"category","embeddable":true,"href":"https:\/\/www.sudoestehoje.com.br\/novoportal\/wp-json\/wp\/v2\/categories?post=82695"},{"taxonomy":"post_tag","embeddable":true,"href":"https:\/\/www.sudoestehoje.com.br\/novoportal\/wp-json\/wp\/v2\/tags?post=82695"}],"curies":[{"name":"wp","href":"https:\/\/api.w.org\/{rel}","templated":true}]}}