
{"id":82680,"date":"2019-10-04T17:53:48","date_gmt":"2019-10-04T20:53:48","guid":{"rendered":"https:\/\/www.sudoestehoje.com.br\/novoportal\/?p=82680"},"modified":"2019-10-04T17:58:53","modified_gmt":"2019-10-04T20:58:53","slug":"acidente-com-veiculo-de-itapetinga-deixa-dois-mortos-proximo-ao-marcal","status":"publish","type":"post","link":"https:\/\/www.sudoestehoje.com.br\/novoportal\/2019\/10\/04\/acidente-com-veiculo-de-itapetinga-deixa-dois-mortos-proximo-ao-marcal\/","title":{"rendered":"ACIDENTE COM VE\u00cdCULO DE ITAPETINGA DEIXA DOIS MORTOS PR\u00d3XIMO AO MAR\u00c7AL; V\u00cdTIMAS IDENTIFICADAS"},"content":{"rendered":"<p><a href=\"https:\/\/www.sudoestehoje.com.br\/novoportal\/wp-content\/uploads\/2019\/10\/classic.jpg\"><img loading=\"lazy\" decoding=\"async\" class=\"aligncenter size-medium wp-image-82683\" src=\"https:\/\/www.sudoestehoje.com.br\/novoportal\/wp-content\/uploads\/2019\/10\/classic-500x334.jpg\" alt=\"\" width=\"500\" height=\"334\" srcset=\"https:\/\/www.sudoestehoje.com.br\/novoportal\/wp-content\/uploads\/2019\/10\/classic-500x334.jpg 500w, https:\/\/www.sudoestehoje.com.br\/novoportal\/wp-content\/uploads\/2019\/10\/classic.jpg 600w\" sizes=\"auto, (max-width: 500px) 100vw, 500px\" \/><\/a><\/p>\n<p>Uma batida frontal entre carro de passeio e carreta deixou duas pessoas de Itapetinga mortas na BA-263, trecho entre Vit\u00f3ria da Conquista e Itamb\u00e9, na tarde desta sexta-feira (4). A trag\u00e9dia aconteceu pr\u00f3ximo a Serra do Mar\u00e7al e mobilizou socorristas do Servi\u00e7o de Atendimento M\u00f3vel de Urg\u00eancia em socorro \u00e0s tr\u00eas v\u00edtimas, uma foi levada a unidade hospitalar.<\/p>\n<p><a href=\"https:\/\/www.sudoestehoje.com.br\/novoportal\/wp-content\/uploads\/2019\/10\/carreta-1.jpg\"><img loading=\"lazy\" decoding=\"async\" class=\"aligncenter size-medium wp-image-82682\" src=\"https:\/\/www.sudoestehoje.com.br\/novoportal\/wp-content\/uploads\/2019\/10\/carreta-1-500x454.jpg\" alt=\"\" width=\"500\" height=\"454\" srcset=\"https:\/\/www.sudoestehoje.com.br\/novoportal\/wp-content\/uploads\/2019\/10\/carreta-1-500x454.jpg 500w, https:\/\/www.sudoestehoje.com.br\/novoportal\/wp-content\/uploads\/2019\/10\/carreta-1.jpg 600w\" sizes=\"auto, (max-width: 500px) 100vw, 500px\" \/><\/a><\/p>\n<p>Imagens impublic\u00e1veis compartilhadas nas redes sociais mostram o cen\u00e1rio da destrui\u00e7\u00e3o. Segundo o Blog do Anderson, os corpos ser\u00e3o removidos ao Necrot\u00e9rio do Departamento de Pol\u00edcia T\u00e9cnica em Itapetinga. A Companhia Independente de Pol\u00edcia Rodovi\u00e1ria registrou a ocorr\u00eancia.<\/p>\n<p>V\u00cdTIMAS IDENTIFICADAS<\/p>\n<p><a href=\"https:\/\/www.sudoestehoje.com.br\/novoportal\/wp-content\/uploads\/2019\/10\/v\u00edtimas-.png\"><img loading=\"lazy\" decoding=\"async\" class=\"aligncenter size-medium wp-image-82681\" src=\"https:\/\/www.sudoestehoje.com.br\/novoportal\/wp-content\/uploads\/2019\/10\/v\u00edtimas--500x330.png\" alt=\"\" width=\"500\" height=\"330\" \/><\/a><\/p>\n<p>Segundo informa\u00e7\u00f5es da Pol\u00edcia Rodovi\u00e1ria Estadual, haviam tr\u00eas pessoas npo ve\u00edculo de passeio, sendo que duas delas morreram no local. Um jovem, natural de Itapetinga, identificado como Felipe e uma senhora de nome Jeisiane Carvalho, ambos moradores de Itapetinga.<\/p>\n","protected":false},"excerpt":{"rendered":"<p>Uma batida frontal entre carro de passeio e carreta deixou duas pessoas de Itapetinga mortas na BA-263, trecho entre Vit\u00f3ria da Conquista e Itamb\u00e9, na tarde desta sexta-feira (4). A trag\u00e9dia aconteceu pr\u00f3ximo a Serra do Mar\u00e7al e mobilizou socorristas do Servi\u00e7o de Atendimento M\u00f3vel de Urg\u00eancia em socorro \u00e0s tr\u00eas v\u00edtimas, uma foi levada [&hellip;]<\/p>\n","protected":false},"author":2,"featured_media":82683,"comment_status":"open","ping_status":"open","sticky":false,"template":"","format":"standard","meta":{"footnotes":"","_links_to":"","_links_to_target":""},"categories":[1],"tags":[],"class_list":["post-82680","post","type-post","status-publish","format-standard","has-post-thumbnail","hentry","category-geral"],"views":1303,"_links":{"self":[{"href":"https:\/\/www.sudoestehoje.com.br\/novoportal\/wp-json\/wp\/v2\/posts\/82680","targetHints":{"allow":["GET"]}}],"collection":[{"href":"https:\/\/www.sudoestehoje.com.br\/novoportal\/wp-json\/wp\/v2\/posts"}],"about":[{"href":"https:\/\/www.sudoestehoje.com.br\/novoportal\/wp-json\/wp\/v2\/types\/post"}],"author":[{"embeddable":true,"href":"https:\/\/www.sudoestehoje.com.br\/novoportal\/wp-json\/wp\/v2\/users\/2"}],"replies":[{"embeddable":true,"href":"https:\/\/www.sudoestehoje.com.br\/novoportal\/wp-json\/wp\/v2\/comments?post=82680"}],"version-history":[{"count":5,"href":"https:\/\/www.sudoestehoje.com.br\/novoportal\/wp-json\/wp\/v2\/posts\/82680\/revisions"}],"predecessor-version":[{"id":82688,"href":"https:\/\/www.sudoestehoje.com.br\/novoportal\/wp-json\/wp\/v2\/posts\/82680\/revisions\/82688"}],"wp:featuredmedia":[{"embeddable":true,"href":"https:\/\/www.sudoestehoje.com.br\/novoportal\/wp-json\/wp\/v2\/media\/82683"}],"wp:attachment":[{"href":"https:\/\/www.sudoestehoje.com.br\/novoportal\/wp-json\/wp\/v2\/media?parent=82680"}],"wp:term":[{"taxonomy":"category","embeddable":true,"href":"https:\/\/www.sudoestehoje.com.br\/novoportal\/wp-json\/wp\/v2\/categories?post=82680"},{"taxonomy":"post_tag","embeddable":true,"href":"https:\/\/www.sudoestehoje.com.br\/novoportal\/wp-json\/wp\/v2\/tags?post=82680"}],"curies":[{"name":"wp","href":"https:\/\/api.w.org\/{rel}","templated":true}]}}