
{"id":82677,"date":"2019-10-03T23:41:49","date_gmt":"2019-10-04T02:41:49","guid":{"rendered":"https:\/\/www.sudoestehoje.com.br\/novoportal\/?p=82677"},"modified":"2019-10-03T23:41:49","modified_gmt":"2019-10-04T02:41:49","slug":"procurador-da-fazenda-nacional-esfaqueia-juiza-dentro-do-trf-em-sao-paulo","status":"publish","type":"post","link":"https:\/\/www.sudoestehoje.com.br\/novoportal\/2019\/10\/03\/procurador-da-fazenda-nacional-esfaqueia-juiza-dentro-do-trf-em-sao-paulo\/","title":{"rendered":"PROCURADOR DA FAZENDA NACIONAL ESFAQUEIA JU\u00cdZA DENTRO DO TRF EM S\u00c3O PAULO"},"content":{"rendered":"<p><a href=\"https:\/\/www.sudoestehoje.com.br\/novoportal\/wp-content\/uploads\/2019\/10\/MATEUS-ASSUN\u00c7\u00c3O.jpg\"><img loading=\"lazy\" decoding=\"async\" class=\"aligncenter  wp-image-82678\" src=\"https:\/\/www.sudoestehoje.com.br\/novoportal\/wp-content\/uploads\/2019\/10\/MATEUS-ASSUN\u00c7\u00c3O.jpg\" alt=\"\" width=\"500\" height=\"333\" \/><\/a><\/p>\n<p class=\"bodytext\">O procurador da Fazenda Nacional Matheus Carneiro Assun\u00e7\u00e3o foi preso nesta quinta-feira (3) depois de tentar matar uma ju\u00edza na sede do Tribunal Regional Federal da 3\u00aa Regi\u00e3o, na Avenida Paulista, em S\u00e3o Paulo.<\/p>\n<p class=\"bodytext\">Segundo o site Conjur, ele invadiu o gabinete da ju\u00edza Louise Filgueiras, convocada para substituir o desembargador Paulo Fontes, em f\u00e9rias, e chegou a acertar uma facada no pesco\u00e7o dela, mas o ferimento foi leve. Apesar disso, ele pode responder por tentativa de assassinato.<\/p>\n<p class=\"bodytext\">Antes do incidente, o procurador despachara com uma desembargadora, quando j\u00e1 se mostrou alterado. Assun\u00e7\u00e3o ent\u00e3o foi ao gabinete de outro desembargador. Ele presidia uma sess\u00e3o de julgamento e n\u00e3o estava no gabinete no momento.<\/p>\n<p class=\"bodytext\">O procurador ent\u00e3o invadiu o gabinete da ju\u00edza Louise Filgueiras, convocada para substituir o desembargador Paulo Fontes, em f\u00e9rias, quando desferiu a facada.<\/p>\n<p class=\"bodytext\">A ju\u00edza trabalhava em sua mesa e foi surpreendida pela invas\u00e3o do procurador, mas conseguiu se afastar dele \u2014 as mesas dos desembargadores s\u00e3o bastante amplas, o que dificultou o acesso de Assun\u00e7\u00e3o \u00e0 v\u00edtima.<\/p>\n<p class=\"bodytext\">Diante do insucesso, ele ainda tentou jogar uma jarra de vidro na dire\u00e7\u00e3o da magistrada, mas errou. O barulho da jarra quebrando foi o que chamou a aten\u00e7\u00e3o dos assessores. E o procurador foi imobilizado pelas pessoas que estavam dentro do gabinete durante a a\u00e7\u00e3o.<\/p>\n<p class=\"bodytext\">Assun\u00e7\u00e3o foi preso em flagrante e no momento aguarda a chegada da Pol\u00edcia Federal para ser levado da sede do tribunal. Ele ainda n\u00e3o tem advogado constitu\u00eddo.<\/p>\n<p class=\"bodytext\"><strong>Surto<\/strong><br \/>\nSegundo o site, quem viu o procurador se movimentar pelo tribunal comentou que ele parecia em estado de surto e intercalava frases sem sentido com de efeito sobre &#8220;acabar com a corrup\u00e7\u00e3o no Brasil&#8221;.<\/p>\n<p class=\"bodytext\">Ao ser imobilizado, o procurador se mostrou confuso. Segundo os seguran\u00e7as que o detiveram, Assun\u00e7\u00e3o afirmou que deveria ter entrado armado no tribunal, \u201cpara fazer o que Janot deixou de fazer\u201d. A Pol\u00edcia Federal deu voz de pris\u00e3o ao agressor.<em> \/\/Correio<\/em><\/p>\n","protected":false},"excerpt":{"rendered":"<p>O procurador da Fazenda Nacional Matheus Carneiro Assun\u00e7\u00e3o foi preso nesta quinta-feira (3) depois de tentar matar uma ju\u00edza na sede do Tribunal Regional Federal da 3\u00aa Regi\u00e3o, na Avenida Paulista, em S\u00e3o Paulo. Segundo o site Conjur, ele invadiu o gabinete da ju\u00edza Louise Filgueiras, convocada para substituir o desembargador Paulo Fontes, em f\u00e9rias, [&hellip;]<\/p>\n","protected":false},"author":2,"featured_media":82678,"comment_status":"open","ping_status":"open","sticky":false,"template":"","format":"standard","meta":{"footnotes":"","_links_to":"","_links_to_target":""},"categories":[1],"tags":[],"class_list":["post-82677","post","type-post","status-publish","format-standard","has-post-thumbnail","hentry","category-geral"],"views":971,"_links":{"self":[{"href":"https:\/\/www.sudoestehoje.com.br\/novoportal\/wp-json\/wp\/v2\/posts\/82677","targetHints":{"allow":["GET"]}}],"collection":[{"href":"https:\/\/www.sudoestehoje.com.br\/novoportal\/wp-json\/wp\/v2\/posts"}],"about":[{"href":"https:\/\/www.sudoestehoje.com.br\/novoportal\/wp-json\/wp\/v2\/types\/post"}],"author":[{"embeddable":true,"href":"https:\/\/www.sudoestehoje.com.br\/novoportal\/wp-json\/wp\/v2\/users\/2"}],"replies":[{"embeddable":true,"href":"https:\/\/www.sudoestehoje.com.br\/novoportal\/wp-json\/wp\/v2\/comments?post=82677"}],"version-history":[{"count":1,"href":"https:\/\/www.sudoestehoje.com.br\/novoportal\/wp-json\/wp\/v2\/posts\/82677\/revisions"}],"predecessor-version":[{"id":82679,"href":"https:\/\/www.sudoestehoje.com.br\/novoportal\/wp-json\/wp\/v2\/posts\/82677\/revisions\/82679"}],"wp:featuredmedia":[{"embeddable":true,"href":"https:\/\/www.sudoestehoje.com.br\/novoportal\/wp-json\/wp\/v2\/media\/82678"}],"wp:attachment":[{"href":"https:\/\/www.sudoestehoje.com.br\/novoportal\/wp-json\/wp\/v2\/media?parent=82677"}],"wp:term":[{"taxonomy":"category","embeddable":true,"href":"https:\/\/www.sudoestehoje.com.br\/novoportal\/wp-json\/wp\/v2\/categories?post=82677"},{"taxonomy":"post_tag","embeddable":true,"href":"https:\/\/www.sudoestehoje.com.br\/novoportal\/wp-json\/wp\/v2\/tags?post=82677"}],"curies":[{"name":"wp","href":"https:\/\/api.w.org\/{rel}","templated":true}]}}