
{"id":82665,"date":"2019-10-02T22:19:37","date_gmt":"2019-10-03T01:19:37","guid":{"rendered":"https:\/\/www.sudoestehoje.com.br\/novoportal\/?p=82665"},"modified":"2019-10-02T22:20:15","modified_gmt":"2019-10-03T01:20:15","slug":"geddel-pode-ter-pena-reduzida-em-mais-de-75-diz-coluna-do-jornal-correio","status":"publish","type":"post","link":"https:\/\/www.sudoestehoje.com.br\/novoportal\/2019\/10\/02\/geddel-pode-ter-pena-reduzida-em-mais-de-75-diz-coluna-do-jornal-correio\/","title":{"rendered":"GEDDEL PODE TER PENA REDUZIDA EM MAIS DE 75%, DIZ COLUNA DO JORNAL CORREIO"},"content":{"rendered":"<p><a href=\"https:\/\/www.sudoestehoje.com.br\/novoportal\/wp-content\/uploads\/2019\/10\/Geddel-1000x530.jpg\"><img loading=\"lazy\" decoding=\"async\" class=\"aligncenter size-medium wp-image-82668\" src=\"https:\/\/www.sudoestehoje.com.br\/novoportal\/wp-content\/uploads\/2019\/10\/Geddel-1000x530-500x265.jpg\" alt=\"\" width=\"500\" height=\"265\" srcset=\"https:\/\/www.sudoestehoje.com.br\/novoportal\/wp-content\/uploads\/2019\/10\/Geddel-1000x530-500x265.jpg 500w, https:\/\/www.sudoestehoje.com.br\/novoportal\/wp-content\/uploads\/2019\/10\/Geddel-1000x530-768x407.jpg 768w, https:\/\/www.sudoestehoje.com.br\/novoportal\/wp-content\/uploads\/2019\/10\/Geddel-1000x530-700x371.jpg 700w, https:\/\/www.sudoestehoje.com.br\/novoportal\/wp-content\/uploads\/2019\/10\/Geddel-1000x530.jpg 1000w\" sizes=\"auto, (max-width: 500px) 100vw, 500px\" \/><\/a><\/p>\n<p>A Procuradoria-Geral da Rep\u00fablica (PGR) pediu uma condena\u00e7\u00e3o de 80 anos de pris\u00e3o ao ex-ministro Geddel Vieira Lima, que est\u00e1 preso na Papuda desde 2017. Mas, essa condena\u00e7\u00e3o pode ser reduzida a, no m\u00e1ximo 20 anos, se o voto do ministro do STF, Edson Fachin, for seguido por mais dois outros quatro integrantes da Segunda Turma da Corte.<\/p>\n<p>Segundo a coluna Sat\u00e9lite, do jornal Correio*, apesar de rejeitar a maioria das teses apresentadas pela defesa de Geddel, Fachin acolheu um argumento tido como crucial: a de que n\u00e3o houve o chamado concurso material, ou seja, v\u00e1rios crimes de lavagem de dinheiro, como alega a PGR, mas apenas um.<\/p>\n<p>Assim, como a puni\u00e7\u00e3o por lavagem varia de 3 a 10 anos, aumentada em at\u00e9 dois ter\u00e7os, caso o delito seja cometido de forma reiterada, Geddel pode ter a pena reduzida em mais de 75% do que pedia a acusa\u00e7\u00e3o.<\/p>\n<p>A rejei\u00e7\u00e3o da tese de concurso material tamb\u00e9m abre espa\u00e7o para que o ex-ministro deixa o regime fechado em breve, j\u00e1 que est\u00e1 h\u00e1 mais de dois anos na Papuda e o tempo de pris\u00e3o j\u00e1 cumprido seria descontado do total. Al\u00e9m disso, Geddel tem feitos cursos a dist\u00e2ncia, o que reduz ainda mais a pena e os prazos para progress\u00e3o ao semiaberto.<\/p>\n","protected":false},"excerpt":{"rendered":"<p>A Procuradoria-Geral da Rep\u00fablica (PGR) pediu uma condena\u00e7\u00e3o de 80 anos de pris\u00e3o ao ex-ministro Geddel Vieira Lima, que est\u00e1 preso na Papuda desde 2017. Mas, essa condena\u00e7\u00e3o pode ser reduzida a, no m\u00e1ximo 20 anos, se o voto do ministro do STF, Edson Fachin, for seguido por mais dois outros quatro integrantes da Segunda [&hellip;]<\/p>\n","protected":false},"author":2,"featured_media":82668,"comment_status":"open","ping_status":"open","sticky":false,"template":"","format":"standard","meta":{"footnotes":"","_links_to":"","_links_to_target":""},"categories":[1],"tags":[],"class_list":["post-82665","post","type-post","status-publish","format-standard","has-post-thumbnail","hentry","category-geral"],"views":753,"_links":{"self":[{"href":"https:\/\/www.sudoestehoje.com.br\/novoportal\/wp-json\/wp\/v2\/posts\/82665","targetHints":{"allow":["GET"]}}],"collection":[{"href":"https:\/\/www.sudoestehoje.com.br\/novoportal\/wp-json\/wp\/v2\/posts"}],"about":[{"href":"https:\/\/www.sudoestehoje.com.br\/novoportal\/wp-json\/wp\/v2\/types\/post"}],"author":[{"embeddable":true,"href":"https:\/\/www.sudoestehoje.com.br\/novoportal\/wp-json\/wp\/v2\/users\/2"}],"replies":[{"embeddable":true,"href":"https:\/\/www.sudoestehoje.com.br\/novoportal\/wp-json\/wp\/v2\/comments?post=82665"}],"version-history":[{"count":3,"href":"https:\/\/www.sudoestehoje.com.br\/novoportal\/wp-json\/wp\/v2\/posts\/82665\/revisions"}],"predecessor-version":[{"id":82669,"href":"https:\/\/www.sudoestehoje.com.br\/novoportal\/wp-json\/wp\/v2\/posts\/82665\/revisions\/82669"}],"wp:featuredmedia":[{"embeddable":true,"href":"https:\/\/www.sudoestehoje.com.br\/novoportal\/wp-json\/wp\/v2\/media\/82668"}],"wp:attachment":[{"href":"https:\/\/www.sudoestehoje.com.br\/novoportal\/wp-json\/wp\/v2\/media?parent=82665"}],"wp:term":[{"taxonomy":"category","embeddable":true,"href":"https:\/\/www.sudoestehoje.com.br\/novoportal\/wp-json\/wp\/v2\/categories?post=82665"},{"taxonomy":"post_tag","embeddable":true,"href":"https:\/\/www.sudoestehoje.com.br\/novoportal\/wp-json\/wp\/v2\/tags?post=82665"}],"curies":[{"name":"wp","href":"https:\/\/api.w.org\/{rel}","templated":true}]}}