
{"id":82641,"date":"2019-10-01T21:34:41","date_gmt":"2019-10-02T00:34:41","guid":{"rendered":"https:\/\/www.sudoestehoje.com.br\/novoportal\/?p=82641"},"modified":"2019-10-01T21:37:28","modified_gmt":"2019-10-02T00:37:28","slug":"justica-federal-suspende-liminar-que-proibia-abate-e-exportacao-de-carne-de-jumento","status":"publish","type":"post","link":"https:\/\/www.sudoestehoje.com.br\/novoportal\/2019\/10\/01\/justica-federal-suspende-liminar-que-proibia-abate-e-exportacao-de-carne-de-jumento\/","title":{"rendered":"JUSTI\u00c7A FEDERAL SUSPENDE LIMINAR QUE PROIBIA ABATE E EXPORTA\u00c7\u00c3O DE CARNE DE JUMENTO"},"content":{"rendered":"<p><a href=\"https:\/\/www.sudoestehoje.com.br\/novoportal\/wp-content\/uploads\/2019\/10\/JUMENTOS-ABATE.jpg\"><img loading=\"lazy\" decoding=\"async\" class=\"aligncenter size-medium wp-image-82643\" src=\"https:\/\/www.sudoestehoje.com.br\/novoportal\/wp-content\/uploads\/2019\/10\/JUMENTOS-ABATE-500x333.jpg\" alt=\"\" width=\"500\" height=\"333\" srcset=\"https:\/\/www.sudoestehoje.com.br\/novoportal\/wp-content\/uploads\/2019\/10\/JUMENTOS-ABATE-500x333.jpg 500w, https:\/\/www.sudoestehoje.com.br\/novoportal\/wp-content\/uploads\/2019\/10\/JUMENTOS-ABATE.jpg 768w, https:\/\/www.sudoestehoje.com.br\/novoportal\/wp-content\/uploads\/2019\/10\/JUMENTOS-ABATE-700x467.jpg 700w\" sizes=\"auto, (max-width: 500px) 100vw, 500px\" \/><\/a><\/p>\n<p>O Tribunal Regional Federal da Primeira Regi\u00e3o (TRF1) suspendeu uma decis\u00e3o provis\u00f3ria que proibia os frigor\u00edficos de abater jumentos na Bahia. A decis\u00e3o levou em considera\u00e7\u00e3o o argumento da Advocacia-Geral da Uni\u00e3o (AGU) de que al\u00e9m dos frigor\u00edficos obedecerem regras r\u00edgidas do Minist\u00e9rio da Agricultura, Pecu\u00e1ria e abastecimento (Mapa) eles s\u00e3o acompanhados pelo Servi\u00e7o de Inspe\u00e7\u00e3o Federal (SIF) de maneira permanente. Al\u00e9m disso, segundo a AGU, a suspens\u00e3o do abate causou s\u00e9rios impactos na economia da regi\u00e3o.<\/p>\n<p>A liminar derrubada pelo TRF1 estava em vigor desde dezembro do ano passado e fechou 150 postos de trabalho diretos e 270 indiretos. Ela foi concedida ap\u00f3s pedido de entidades defensoras dos animais que denunciaram maus-tratos em um frigor\u00edfico de Itapetinga.<\/p>\n<p>O fato foi questionado pela Advocacia-Geral, j\u00e1 que n\u00e3o foi comprovado que as fotos e v\u00eddeos de jumentos sofrendo maus-tratos foram feitas em frigor\u00edficos autorizados e acompanhados pelo SIF.<\/p>\n<p>\u201cNos estabelecimentos que s\u00e3o autorizados e regulamentados e t\u00eam fiscaliza\u00e7\u00e3o permanente, n\u00e3o h\u00e1 maus tratos. Os n\u00fameros comprovam que os tr\u00eas estabelecimentos autorizados do estado da Bahia cumprem rigorosamente as normas ambientais e de sa\u00fade p\u00fablica. As imagens que mostram os maus tratos a animais s\u00e3o relativas a frigor\u00edficos clandestinos e que, portanto, n\u00e3o s\u00e3o fiscalizados\u201d, explica a advogada da Uni\u00e3o que atuou no caso, Julia Thiebaut.<\/p>\n<p>A AGU destacou que a atividade \u00e9 regulamentada pela legisla\u00e7\u00e3o brasileira e que, por conta da procria\u00e7\u00e3o dos jumentos para o abate, isso n\u00e3o ofereceria um risco de extin\u00e7\u00e3o da esp\u00e9cie.<\/p>\n","protected":false},"excerpt":{"rendered":"<p>O Tribunal Regional Federal da Primeira Regi\u00e3o (TRF1) suspendeu uma decis\u00e3o provis\u00f3ria que proibia os frigor\u00edficos de abater jumentos na Bahia. A decis\u00e3o levou em considera\u00e7\u00e3o o argumento da Advocacia-Geral da Uni\u00e3o (AGU) de que al\u00e9m dos frigor\u00edficos obedecerem regras r\u00edgidas do Minist\u00e9rio da Agricultura, Pecu\u00e1ria e abastecimento (Mapa) eles s\u00e3o acompanhados pelo Servi\u00e7o de [&hellip;]<\/p>\n","protected":false},"author":2,"featured_media":82643,"comment_status":"open","ping_status":"open","sticky":false,"template":"","format":"standard","meta":{"footnotes":"","_links_to":"","_links_to_target":""},"categories":[1],"tags":[],"class_list":["post-82641","post","type-post","status-publish","format-standard","has-post-thumbnail","hentry","category-geral"],"views":993,"_links":{"self":[{"href":"https:\/\/www.sudoestehoje.com.br\/novoportal\/wp-json\/wp\/v2\/posts\/82641","targetHints":{"allow":["GET"]}}],"collection":[{"href":"https:\/\/www.sudoestehoje.com.br\/novoportal\/wp-json\/wp\/v2\/posts"}],"about":[{"href":"https:\/\/www.sudoestehoje.com.br\/novoportal\/wp-json\/wp\/v2\/types\/post"}],"author":[{"embeddable":true,"href":"https:\/\/www.sudoestehoje.com.br\/novoportal\/wp-json\/wp\/v2\/users\/2"}],"replies":[{"embeddable":true,"href":"https:\/\/www.sudoestehoje.com.br\/novoportal\/wp-json\/wp\/v2\/comments?post=82641"}],"version-history":[{"count":2,"href":"https:\/\/www.sudoestehoje.com.br\/novoportal\/wp-json\/wp\/v2\/posts\/82641\/revisions"}],"predecessor-version":[{"id":82644,"href":"https:\/\/www.sudoestehoje.com.br\/novoportal\/wp-json\/wp\/v2\/posts\/82641\/revisions\/82644"}],"wp:featuredmedia":[{"embeddable":true,"href":"https:\/\/www.sudoestehoje.com.br\/novoportal\/wp-json\/wp\/v2\/media\/82643"}],"wp:attachment":[{"href":"https:\/\/www.sudoestehoje.com.br\/novoportal\/wp-json\/wp\/v2\/media?parent=82641"}],"wp:term":[{"taxonomy":"category","embeddable":true,"href":"https:\/\/www.sudoestehoje.com.br\/novoportal\/wp-json\/wp\/v2\/categories?post=82641"},{"taxonomy":"post_tag","embeddable":true,"href":"https:\/\/www.sudoestehoje.com.br\/novoportal\/wp-json\/wp\/v2\/tags?post=82641"}],"curies":[{"name":"wp","href":"https:\/\/api.w.org\/{rel}","templated":true}]}}