
{"id":82624,"date":"2019-09-30T21:53:07","date_gmt":"2019-10-01T00:53:07","guid":{"rendered":"https:\/\/www.sudoestehoje.com.br\/novoportal\/?p=82624"},"modified":"2019-09-30T21:53:07","modified_gmt":"2019-10-01T00:53:07","slug":"juiza-e-quem-decide-sobre-o-semiaberto-para-lula-e-uso-de-tornozeleira","status":"publish","type":"post","link":"https:\/\/www.sudoestehoje.com.br\/novoportal\/2019\/09\/30\/juiza-e-quem-decide-sobre-o-semiaberto-para-lula-e-uso-de-tornozeleira\/","title":{"rendered":"JU\u00cdZA \u00c9 QUEM DECIDE SOBRE O SEMIABERTO PARA LULA E USO DE TORNOZELEIRA"},"content":{"rendered":"<p data-track-category=\"Link no Texto\" data-track-links=\"\"><a href=\"https:\/\/www.sudoestehoje.com.br\/novoportal\/wp-content\/uploads\/2019\/09\/JUIZA-EXECU\u00c7\u00d5ES-1.jpg\"><img loading=\"lazy\" decoding=\"async\" class=\"aligncenter size-medium wp-image-82627\" src=\"https:\/\/www.sudoestehoje.com.br\/novoportal\/wp-content\/uploads\/2019\/09\/JUIZA-EXECU\u00c7\u00d5ES-1-500x260.jpg\" alt=\"\" width=\"500\" height=\"260\" srcset=\"https:\/\/www.sudoestehoje.com.br\/novoportal\/wp-content\/uploads\/2019\/09\/JUIZA-EXECU\u00c7\u00d5ES-1-500x260.jpg 500w, https:\/\/www.sudoestehoje.com.br\/novoportal\/wp-content\/uploads\/2019\/09\/JUIZA-EXECU\u00c7\u00d5ES-1.jpg 540w\" sizes=\"auto, (max-width: 500px) 100vw, 500px\" \/><\/a><\/p>\n<p class=\"content-text__container \" data-track-category=\"Link no Texto\" data-track-links=\"\">O ex-presidente e presidi\u00e1rio Lula acha que depende de sua vontade o exerc\u00edcio de progress\u00e3o de pena do regime fechado, onde se encontra cumprindo pena por corrup\u00e7\u00e3o e lavagem de dinheiro, para o regime aberto ou semiaberto. \u00c9 o que ele deixa claro em uma carta em que diz que n\u00e3o aceita a medida.<\/p>\n<p data-track-category=\"Link no Texto\" data-track-links=\"\">A decis\u00e3o ser\u00e1 da ju\u00edza de execu\u00e7\u00f5es penais de Curitiba, Carolina Lebbos, a quem a for\u00e7a-tarefa da Lava Jato encaminhou solicita\u00e7\u00e3o, assinada por quinze procuradores, pedindo a progresso de regime para o ex-presidente, j\u00e1 que ele pr\u00f3prio se recusa\u00a0 faz\u00ea-lo.<\/p>\n<p data-track-category=\"Link no Texto\" data-track-links=\"\">Lula j\u00e1 afirmou antes que prefere \u201ccem anos de pris\u00e3o a usar tornozeleira eletr\u00f4nica\u201d, que considera humilhante, ainda que na sua condi\u00e7\u00e3o de corrupto condenado. Ele tamb\u00e9m n\u00e3o deseja abandonar o discurso, tamb\u00e9m falacioso, de ser um \u201cpreso pol\u00edtico\u201d etc.<\/p>\n<p class=\"content-text__container \" data-track-category=\"Link no Texto\" data-track-links=\"\">O advogado do petista, certamente por ordem do seu cliente, chegou a afirmar que o presidi\u00e1rio \u201cn\u00e3o \u00e9 obrigado\u201d a aceitar a progress\u00e3o de regime. Ele esta errado.<\/p>\n<p class=\"content-text__container \" data-track-category=\"Link no Texto\" data-track-links=\"\">O ministro Gilmar Mendes, do Supremo Tribunal Federal (STF), disse ontem ao programa \u201cBastidores do Poder\u201d, da R\u00e1dio Bandeirantes, que \u00e9 o Estado que decide sobre isso e n\u00e3o o apenado.<\/p>\n<p class=\"content-text__container \" data-track-category=\"Link no Texto\" data-track-links=\"\">A seten\u00e7a do ministro desautoriza a imagina\u00e7\u00e3o do advogado Cristiano Zanin, para quem \u201co Estado n\u00e3o pode impor ao jurisdicionado nenhum tipo de condi\u00e7\u00e3o\u201d. \u00c9 exatamente o que o Estado pode fazer. <em>\/\/Di\u00e1rio do Poder<\/em><\/p>\n","protected":false},"excerpt":{"rendered":"<p>O ex-presidente e presidi\u00e1rio Lula acha que depende de sua vontade o exerc\u00edcio de progress\u00e3o de pena do regime fechado, onde se encontra cumprindo pena por corrup\u00e7\u00e3o e lavagem de dinheiro, para o regime aberto ou semiaberto. \u00c9 o que ele deixa claro em uma carta em que diz que n\u00e3o aceita a medida. A [&hellip;]<\/p>\n","protected":false},"author":2,"featured_media":82627,"comment_status":"open","ping_status":"open","sticky":false,"template":"","format":"standard","meta":{"footnotes":"","_links_to":"","_links_to_target":""},"categories":[1],"tags":[],"class_list":["post-82624","post","type-post","status-publish","format-standard","has-post-thumbnail","hentry","category-geral"],"views":740,"_links":{"self":[{"href":"https:\/\/www.sudoestehoje.com.br\/novoportal\/wp-json\/wp\/v2\/posts\/82624","targetHints":{"allow":["GET"]}}],"collection":[{"href":"https:\/\/www.sudoestehoje.com.br\/novoportal\/wp-json\/wp\/v2\/posts"}],"about":[{"href":"https:\/\/www.sudoestehoje.com.br\/novoportal\/wp-json\/wp\/v2\/types\/post"}],"author":[{"embeddable":true,"href":"https:\/\/www.sudoestehoje.com.br\/novoportal\/wp-json\/wp\/v2\/users\/2"}],"replies":[{"embeddable":true,"href":"https:\/\/www.sudoestehoje.com.br\/novoportal\/wp-json\/wp\/v2\/comments?post=82624"}],"version-history":[{"count":2,"href":"https:\/\/www.sudoestehoje.com.br\/novoportal\/wp-json\/wp\/v2\/posts\/82624\/revisions"}],"predecessor-version":[{"id":82628,"href":"https:\/\/www.sudoestehoje.com.br\/novoportal\/wp-json\/wp\/v2\/posts\/82624\/revisions\/82628"}],"wp:featuredmedia":[{"embeddable":true,"href":"https:\/\/www.sudoestehoje.com.br\/novoportal\/wp-json\/wp\/v2\/media\/82627"}],"wp:attachment":[{"href":"https:\/\/www.sudoestehoje.com.br\/novoportal\/wp-json\/wp\/v2\/media?parent=82624"}],"wp:term":[{"taxonomy":"category","embeddable":true,"href":"https:\/\/www.sudoestehoje.com.br\/novoportal\/wp-json\/wp\/v2\/categories?post=82624"},{"taxonomy":"post_tag","embeddable":true,"href":"https:\/\/www.sudoestehoje.com.br\/novoportal\/wp-json\/wp\/v2\/tags?post=82624"}],"curies":[{"name":"wp","href":"https:\/\/api.w.org\/{rel}","templated":true}]}}