
{"id":8262,"date":"2011-09-06T13:08:19","date_gmt":"2011-09-06T16:08:19","guid":{"rendered":"http:\/\/www.sudoestehoje.com.br\/novoportal\/?p=8262"},"modified":"2011-09-06T13:08:19","modified_gmt":"2011-09-06T16:08:19","slug":"dilma-rejeita-regulamentacao-da-midia-aprovada-pelo-pt","status":"publish","type":"post","link":"https:\/\/www.sudoestehoje.com.br\/novoportal\/2011\/09\/06\/dilma-rejeita-regulamentacao-da-midia-aprovada-pelo-pt\/","title":{"rendered":"DILMA REJEITA REGULAMENTA\u00c7\u00c3O DA M\u00cdDIA APROVADA PELO PT"},"content":{"rendered":"<p style=\"text-align: center;\"><img decoding=\"async\" class=\"aligncenter\" src=\"http:\/\/bahianoticias.com.br\/fotos\/editor\/Image\/380X280\/dilma%20no%20porto%20foto%20tiago%20melo%20bahia%20noticias.jpg\" alt=\"\" \/><\/p>\n<p>A presidente Dilma Rousseff n\u00e3o quer nem saber da proposta de regulamenta\u00e7\u00e3o da m\u00eddia aprovada no final de semana, em Bras\u00edlia, pelo PT. De acordo com informa\u00e7\u00f5es dos bastidores do Planalto, a presidente repudia, por princ\u00edpio, a mo\u00e7\u00e3o e teme que as propostas afetem o apoio conquistado por seu governo entre as fam\u00edlias de classe m\u00e9dia. Segundo informa\u00e7\u00f5es de assessores ao Estad\u00e3o, a posi\u00e7\u00e3o da petista sobre os meios de comunica\u00e7\u00e3o continua a mesma do per\u00edodo da campanha eleitoral. Em v\u00e1rias declara\u00e7\u00f5es sobre o tema feitas na \u00e9poca, a presidente afirmou que o \u00fanico controle de m\u00eddia que ela leva em considera\u00e7\u00e3o \u00e9 o \u201ccontrole remoto, para mudar de programa na TV\u201d. \u201cN\u00e3o conhe\u00e7o outro tipo\u201d, costuma repetir.<\/p>\n","protected":false},"excerpt":{"rendered":"<p>A presidente Dilma Rousseff n\u00e3o quer nem saber da proposta de regulamenta\u00e7\u00e3o da m\u00eddia aprovada no final de semana, em Bras\u00edlia, pelo PT. De acordo com informa\u00e7\u00f5es dos bastidores do Planalto, a presidente repudia, por princ\u00edpio, a mo\u00e7\u00e3o e teme que as propostas afetem o apoio conquistado por seu governo entre as fam\u00edlias de classe [&hellip;]<\/p>\n","protected":false},"author":2,"featured_media":0,"comment_status":"open","ping_status":"open","sticky":false,"template":"","format":"standard","meta":{"footnotes":"","_links_to":"","_links_to_target":""},"categories":[1],"tags":[],"class_list":["post-8262","post","type-post","status-publish","format-standard","hentry","category-geral"],"views":1195,"_links":{"self":[{"href":"https:\/\/www.sudoestehoje.com.br\/novoportal\/wp-json\/wp\/v2\/posts\/8262","targetHints":{"allow":["GET"]}}],"collection":[{"href":"https:\/\/www.sudoestehoje.com.br\/novoportal\/wp-json\/wp\/v2\/posts"}],"about":[{"href":"https:\/\/www.sudoestehoje.com.br\/novoportal\/wp-json\/wp\/v2\/types\/post"}],"author":[{"embeddable":true,"href":"https:\/\/www.sudoestehoje.com.br\/novoportal\/wp-json\/wp\/v2\/users\/2"}],"replies":[{"embeddable":true,"href":"https:\/\/www.sudoestehoje.com.br\/novoportal\/wp-json\/wp\/v2\/comments?post=8262"}],"version-history":[{"count":6,"href":"https:\/\/www.sudoestehoje.com.br\/novoportal\/wp-json\/wp\/v2\/posts\/8262\/revisions"}],"predecessor-version":[{"id":8268,"href":"https:\/\/www.sudoestehoje.com.br\/novoportal\/wp-json\/wp\/v2\/posts\/8262\/revisions\/8268"}],"wp:attachment":[{"href":"https:\/\/www.sudoestehoje.com.br\/novoportal\/wp-json\/wp\/v2\/media?parent=8262"}],"wp:term":[{"taxonomy":"category","embeddable":true,"href":"https:\/\/www.sudoestehoje.com.br\/novoportal\/wp-json\/wp\/v2\/categories?post=8262"},{"taxonomy":"post_tag","embeddable":true,"href":"https:\/\/www.sudoestehoje.com.br\/novoportal\/wp-json\/wp\/v2\/tags?post=8262"}],"curies":[{"name":"wp","href":"https:\/\/api.w.org\/{rel}","templated":true}]}}