
{"id":82617,"date":"2019-09-29T22:14:57","date_gmt":"2019-09-30T01:14:57","guid":{"rendered":"https:\/\/www.sudoestehoje.com.br\/novoportal\/?p=82617"},"modified":"2019-09-29T22:19:46","modified_gmt":"2019-09-30T01:19:46","slug":"jogador-morre-em-campo-durante-partida-do-campeonato-intermunicipal","status":"publish","type":"post","link":"https:\/\/www.sudoestehoje.com.br\/novoportal\/2019\/09\/29\/jogador-morre-em-campo-durante-partida-do-campeonato-intermunicipal\/","title":{"rendered":"JOGADOR MORRE EM CAMPO DURANTE PARTIDA DO CAMPEONATO INTERMUNICIPAL"},"content":{"rendered":"<p><a href=\"https:\/\/www.sudoestehoje.com.br\/novoportal\/wp-content\/uploads\/2019\/09\/rodrigo-morte2.jpeg\"><img loading=\"lazy\" decoding=\"async\" class=\"aligncenter size-medium wp-image-82619\" src=\"https:\/\/www.sudoestehoje.com.br\/novoportal\/wp-content\/uploads\/2019\/09\/rodrigo-morte2-500x308.jpeg\" alt=\"\" width=\"500\" height=\"308\" srcset=\"https:\/\/www.sudoestehoje.com.br\/novoportal\/wp-content\/uploads\/2019\/09\/rodrigo-morte2-500x308.jpeg 500w, https:\/\/www.sudoestehoje.com.br\/novoportal\/wp-content\/uploads\/2019\/09\/rodrigo-morte2-700x431.jpeg 700w, https:\/\/www.sudoestehoje.com.br\/novoportal\/wp-content\/uploads\/2019\/09\/rodrigo-morte2.jpeg 720w\" sizes=\"auto, (max-width: 500px) 100vw, 500px\" \/><\/a><\/p>\n<p>Na rodada deste domingo (29) terminou com um fato triste no Intermunicipal 2019. Um atleta faleceu em campo.<\/p>\n<p>O jogador Rodrigo Iti\u00faba, da Sele\u00e7\u00e3o de Campo Formoso, teria passado mal e n\u00e3o resistido no duelo contra Piritiba. A partida aconteceu na cidade de Piritiba e terminou empatada sem gols.<\/p>\n<p><a href=\"https:\/\/www.sudoestehoje.com.br\/novoportal\/wp-content\/uploads\/2019\/09\/PIRITIBA-JOGO.jpg\"><img loading=\"lazy\" decoding=\"async\" class=\"aligncenter wp-image-82620\" src=\"https:\/\/www.sudoestehoje.com.br\/novoportal\/wp-content\/uploads\/2019\/09\/PIRITIBA-JOGO.jpg\" alt=\"\" width=\"500\" height=\"250\" \/><\/a><\/p>\n<p>Ainda n\u00e3o h\u00e1 informa\u00e7\u00f5es sobre a causa da morte.<\/p>\n","protected":false},"excerpt":{"rendered":"<p>Na rodada deste domingo (29) terminou com um fato triste no Intermunicipal 2019. Um atleta faleceu em campo. O jogador Rodrigo Iti\u00faba, da Sele\u00e7\u00e3o de Campo Formoso, teria passado mal e n\u00e3o resistido no duelo contra Piritiba. A partida aconteceu na cidade de Piritiba e terminou empatada sem gols. Ainda n\u00e3o h\u00e1 informa\u00e7\u00f5es sobre a [&hellip;]<\/p>\n","protected":false},"author":2,"featured_media":82619,"comment_status":"open","ping_status":"open","sticky":false,"template":"","format":"standard","meta":{"footnotes":"","_links_to":"","_links_to_target":""},"categories":[1],"tags":[],"class_list":["post-82617","post","type-post","status-publish","format-standard","has-post-thumbnail","hentry","category-geral"],"views":889,"_links":{"self":[{"href":"https:\/\/www.sudoestehoje.com.br\/novoportal\/wp-json\/wp\/v2\/posts\/82617","targetHints":{"allow":["GET"]}}],"collection":[{"href":"https:\/\/www.sudoestehoje.com.br\/novoportal\/wp-json\/wp\/v2\/posts"}],"about":[{"href":"https:\/\/www.sudoestehoje.com.br\/novoportal\/wp-json\/wp\/v2\/types\/post"}],"author":[{"embeddable":true,"href":"https:\/\/www.sudoestehoje.com.br\/novoportal\/wp-json\/wp\/v2\/users\/2"}],"replies":[{"embeddable":true,"href":"https:\/\/www.sudoestehoje.com.br\/novoportal\/wp-json\/wp\/v2\/comments?post=82617"}],"version-history":[{"count":3,"href":"https:\/\/www.sudoestehoje.com.br\/novoportal\/wp-json\/wp\/v2\/posts\/82617\/revisions"}],"predecessor-version":[{"id":82622,"href":"https:\/\/www.sudoestehoje.com.br\/novoportal\/wp-json\/wp\/v2\/posts\/82617\/revisions\/82622"}],"wp:featuredmedia":[{"embeddable":true,"href":"https:\/\/www.sudoestehoje.com.br\/novoportal\/wp-json\/wp\/v2\/media\/82619"}],"wp:attachment":[{"href":"https:\/\/www.sudoestehoje.com.br\/novoportal\/wp-json\/wp\/v2\/media?parent=82617"}],"wp:term":[{"taxonomy":"category","embeddable":true,"href":"https:\/\/www.sudoestehoje.com.br\/novoportal\/wp-json\/wp\/v2\/categories?post=82617"},{"taxonomy":"post_tag","embeddable":true,"href":"https:\/\/www.sudoestehoje.com.br\/novoportal\/wp-json\/wp\/v2\/tags?post=82617"}],"curies":[{"name":"wp","href":"https:\/\/api.w.org\/{rel}","templated":true}]}}