
{"id":82610,"date":"2019-09-28T09:14:08","date_gmt":"2019-09-28T12:14:08","guid":{"rendered":"https:\/\/www.sudoestehoje.com.br\/novoportal\/?p=82610"},"modified":"2019-09-28T09:14:08","modified_gmt":"2019-09-28T12:14:08","slug":"outubro-rosa-fundacao-jose-silveira-promove-feira-de-saude-da-mulher-na-proxima-semana","status":"publish","type":"post","link":"https:\/\/www.sudoestehoje.com.br\/novoportal\/2019\/09\/28\/outubro-rosa-fundacao-jose-silveira-promove-feira-de-saude-da-mulher-na-proxima-semana\/","title":{"rendered":"OUTUBRO ROSA: FUNDA\u00c7\u00c3O JOS\u00c9 SILVEIRA PROMOVE &#8216;FEIRA DE SA\u00daDE DA MULHER&#8217; NA PR\u00d3XIMA SEMANA"},"content":{"rendered":"<p><a href=\"https:\/\/www.sudoestehoje.com.br\/novoportal\/wp-content\/uploads\/2019\/09\/FEIRA-FJS.jpg\"><img loading=\"lazy\" decoding=\"async\" class=\"aligncenter size-medium wp-image-82611\" src=\"https:\/\/www.sudoestehoje.com.br\/novoportal\/wp-content\/uploads\/2019\/09\/FEIRA-FJS-500x500.jpg\" alt=\"\" width=\"500\" height=\"500\" srcset=\"https:\/\/www.sudoestehoje.com.br\/novoportal\/wp-content\/uploads\/2019\/09\/FEIRA-FJS-500x500.jpg 500w, https:\/\/www.sudoestehoje.com.br\/novoportal\/wp-content\/uploads\/2019\/09\/FEIRA-FJS-150x150.jpg 150w, https:\/\/www.sudoestehoje.com.br\/novoportal\/wp-content\/uploads\/2019\/09\/FEIRA-FJS.jpg 697w\" sizes=\"auto, (max-width: 500px) 100vw, 500px\" \/><\/a><\/p>\n<p>A Funda\u00e7\u00e3o Jos\u00e9 Silveira &#8211; FJS promove na pr\u00f3xima semana mais uma Feira de Sa\u00fade no munic\u00edpio de Itapetinga.\u00a0Entre os dias 2 e 4 de Outubro, as Unidades M\u00f3veis da FJS estar\u00e3o no estacionamento do Hospital Cristo Redentor &#8211; HCR.<\/p>\n<p>De acordo com a Coordenadora Geral da Unidade, Ana B\u00e1rbara Matos, a a\u00e7\u00e3o ser\u00e1 voltada para as mulheres, visto que no m\u00eas de Outubro \u00e9 celebrado o \u201cOutubro Rosa\u201d, campanha mundial campanha de conscientiza\u00e7\u00e3o que tem como objetivo alertar as mulheres sobre a import\u00e2ncia da preven\u00e7\u00e3o e do diagn\u00f3stico precoce do c\u00e2ncer de mama e do c\u00e2ncer de colo do \u00fatero.<\/p>\n<p>Segundo Ana B\u00e1rbara, nos tr\u00eas dias do evento ser\u00e3o disponibilizados atendimentos gratuitos nas seguintes especialidades: Cardiologia, Ginecologia, Odontologia, al\u00e9m da realiza\u00e7\u00e3o dos seguintes exames: Eletrocardiograma, Mamografia, Raio X e Ultrassonografia.<\/p>\n<p>Ela ainda refor\u00e7a que para o atendimento, \u00e9 necess\u00e1ria apresenta\u00e7\u00e3o do RG, Comprovante de Resid\u00eancia e Cart\u00e3o do Sistema \u00danico de Sa\u00fade (SUS). Para Ultrassonografia \u00e9 necess\u00e1ria a requisi\u00e7\u00e3o m\u00e9dica. Os atendimentos acontecem das 8h \u00e0s 17h, por ordem de chegada, com vagas limitadas.<\/p>\n","protected":false},"excerpt":{"rendered":"<p>A Funda\u00e7\u00e3o Jos\u00e9 Silveira &#8211; FJS promove na pr\u00f3xima semana mais uma Feira de Sa\u00fade no munic\u00edpio de Itapetinga.\u00a0Entre os dias 2 e 4 de Outubro, as Unidades M\u00f3veis da FJS estar\u00e3o no estacionamento do Hospital Cristo Redentor &#8211; HCR. De acordo com a Coordenadora Geral da Unidade, Ana B\u00e1rbara Matos, a a\u00e7\u00e3o ser\u00e1 voltada [&hellip;]<\/p>\n","protected":false},"author":2,"featured_media":82611,"comment_status":"open","ping_status":"open","sticky":false,"template":"","format":"standard","meta":{"footnotes":"","_links_to":"","_links_to_target":""},"categories":[1],"tags":[],"class_list":["post-82610","post","type-post","status-publish","format-standard","has-post-thumbnail","hentry","category-geral"],"views":1180,"_links":{"self":[{"href":"https:\/\/www.sudoestehoje.com.br\/novoportal\/wp-json\/wp\/v2\/posts\/82610","targetHints":{"allow":["GET"]}}],"collection":[{"href":"https:\/\/www.sudoestehoje.com.br\/novoportal\/wp-json\/wp\/v2\/posts"}],"about":[{"href":"https:\/\/www.sudoestehoje.com.br\/novoportal\/wp-json\/wp\/v2\/types\/post"}],"author":[{"embeddable":true,"href":"https:\/\/www.sudoestehoje.com.br\/novoportal\/wp-json\/wp\/v2\/users\/2"}],"replies":[{"embeddable":true,"href":"https:\/\/www.sudoestehoje.com.br\/novoportal\/wp-json\/wp\/v2\/comments?post=82610"}],"version-history":[{"count":1,"href":"https:\/\/www.sudoestehoje.com.br\/novoportal\/wp-json\/wp\/v2\/posts\/82610\/revisions"}],"predecessor-version":[{"id":82612,"href":"https:\/\/www.sudoestehoje.com.br\/novoportal\/wp-json\/wp\/v2\/posts\/82610\/revisions\/82612"}],"wp:featuredmedia":[{"embeddable":true,"href":"https:\/\/www.sudoestehoje.com.br\/novoportal\/wp-json\/wp\/v2\/media\/82611"}],"wp:attachment":[{"href":"https:\/\/www.sudoestehoje.com.br\/novoportal\/wp-json\/wp\/v2\/media?parent=82610"}],"wp:term":[{"taxonomy":"category","embeddable":true,"href":"https:\/\/www.sudoestehoje.com.br\/novoportal\/wp-json\/wp\/v2\/categories?post=82610"},{"taxonomy":"post_tag","embeddable":true,"href":"https:\/\/www.sudoestehoje.com.br\/novoportal\/wp-json\/wp\/v2\/tags?post=82610"}],"curies":[{"name":"wp","href":"https:\/\/api.w.org\/{rel}","templated":true}]}}