
{"id":82602,"date":"2019-09-27T18:35:27","date_gmt":"2019-09-27T21:35:27","guid":{"rendered":"https:\/\/www.sudoestehoje.com.br\/novoportal\/?p=82602"},"modified":"2019-09-27T18:35:27","modified_gmt":"2019-09-27T21:35:27","slug":"bancada-baiana-no-senado-e-flagrada-desembarcando-em-pista-de-pouso-clandestina-em-brasilia","status":"publish","type":"post","link":"https:\/\/www.sudoestehoje.com.br\/novoportal\/2019\/09\/27\/bancada-baiana-no-senado-e-flagrada-desembarcando-em-pista-de-pouso-clandestina-em-brasilia\/","title":{"rendered":"BANCADA BAIANA NO SENADO \u00c9 FLAGRADA DESEMBARCANDO EM PISTA DE POUSO CLANDESTINA EM BRAS\u00cdLIA"},"content":{"rendered":"<p><a href=\"https:\/\/www.sudoestehoje.com.br\/novoportal\/wp-content\/uploads\/2019\/09\/Wagner-Coronel-Otto-1000x530.jpg\"><img loading=\"lazy\" decoding=\"async\" class=\"aligncenter size-medium wp-image-82603\" src=\"https:\/\/www.sudoestehoje.com.br\/novoportal\/wp-content\/uploads\/2019\/09\/Wagner-Coronel-Otto-1000x530-500x265.jpg\" alt=\"\" width=\"500\" height=\"265\" srcset=\"https:\/\/www.sudoestehoje.com.br\/novoportal\/wp-content\/uploads\/2019\/09\/Wagner-Coronel-Otto-1000x530-500x265.jpg 500w, https:\/\/www.sudoestehoje.com.br\/novoportal\/wp-content\/uploads\/2019\/09\/Wagner-Coronel-Otto-1000x530-768x407.jpg 768w, https:\/\/www.sudoestehoje.com.br\/novoportal\/wp-content\/uploads\/2019\/09\/Wagner-Coronel-Otto-1000x530-700x371.jpg 700w, https:\/\/www.sudoestehoje.com.br\/novoportal\/wp-content\/uploads\/2019\/09\/Wagner-Coronel-Otto-1000x530.jpg 1000w\" sizes=\"auto, (max-width: 500px) 100vw, 500px\" \/><\/a><\/p>\n<p>A revista Cruso\u00e9 flagrou o desembarque de toda a bancada baiana no Senado em uma pista de pouso clandestina em Bras\u00edlia. Segundo a publica\u00e7\u00e3o, longe dos olhares curiosos, da burocracia e da r\u00edgida fiscaliza\u00e7\u00e3o do aeroporto internacional, o local caiu no gosto dos poderosos.<\/p>\n<p>O flagra da bancada baiana aconteceu no \u00faltimo dia 10. Ainda de acordo com a publica\u00e7\u00e3o, desceram de um Learjet 45, avaliado em R$ 12,5 milh\u00f5es, Jaques Wagner (PT), \u00c2ngelo Coronel (PSD) e Otto Alencar (PSD).<\/p>\n<p>A Cruso\u00e9 apurou que o avi\u00e3o est\u00e1 registrado em nome de uma empresa de Coronel, que \u00e9 tamb\u00e9m dono do Grupo Corel, conglomerado controlado por offshore sediada no Panam\u00e1.<\/p>\n","protected":false},"excerpt":{"rendered":"<p>A revista Cruso\u00e9 flagrou o desembarque de toda a bancada baiana no Senado em uma pista de pouso clandestina em Bras\u00edlia. Segundo a publica\u00e7\u00e3o, longe dos olhares curiosos, da burocracia e da r\u00edgida fiscaliza\u00e7\u00e3o do aeroporto internacional, o local caiu no gosto dos poderosos. O flagra da bancada baiana aconteceu no \u00faltimo dia 10. Ainda [&hellip;]<\/p>\n","protected":false},"author":2,"featured_media":82603,"comment_status":"open","ping_status":"open","sticky":false,"template":"","format":"standard","meta":{"footnotes":"","_links_to":"","_links_to_target":""},"categories":[1],"tags":[],"class_list":["post-82602","post","type-post","status-publish","format-standard","has-post-thumbnail","hentry","category-geral"],"views":1536,"_links":{"self":[{"href":"https:\/\/www.sudoestehoje.com.br\/novoportal\/wp-json\/wp\/v2\/posts\/82602","targetHints":{"allow":["GET"]}}],"collection":[{"href":"https:\/\/www.sudoestehoje.com.br\/novoportal\/wp-json\/wp\/v2\/posts"}],"about":[{"href":"https:\/\/www.sudoestehoje.com.br\/novoportal\/wp-json\/wp\/v2\/types\/post"}],"author":[{"embeddable":true,"href":"https:\/\/www.sudoestehoje.com.br\/novoportal\/wp-json\/wp\/v2\/users\/2"}],"replies":[{"embeddable":true,"href":"https:\/\/www.sudoestehoje.com.br\/novoportal\/wp-json\/wp\/v2\/comments?post=82602"}],"version-history":[{"count":1,"href":"https:\/\/www.sudoestehoje.com.br\/novoportal\/wp-json\/wp\/v2\/posts\/82602\/revisions"}],"predecessor-version":[{"id":82604,"href":"https:\/\/www.sudoestehoje.com.br\/novoportal\/wp-json\/wp\/v2\/posts\/82602\/revisions\/82604"}],"wp:featuredmedia":[{"embeddable":true,"href":"https:\/\/www.sudoestehoje.com.br\/novoportal\/wp-json\/wp\/v2\/media\/82603"}],"wp:attachment":[{"href":"https:\/\/www.sudoestehoje.com.br\/novoportal\/wp-json\/wp\/v2\/media?parent=82602"}],"wp:term":[{"taxonomy":"category","embeddable":true,"href":"https:\/\/www.sudoestehoje.com.br\/novoportal\/wp-json\/wp\/v2\/categories?post=82602"},{"taxonomy":"post_tag","embeddable":true,"href":"https:\/\/www.sudoestehoje.com.br\/novoportal\/wp-json\/wp\/v2\/tags?post=82602"}],"curies":[{"name":"wp","href":"https:\/\/api.w.org\/{rel}","templated":true}]}}