
{"id":82578,"date":"2019-09-26T21:59:43","date_gmt":"2019-09-27T00:59:43","guid":{"rendered":"https:\/\/www.sudoestehoje.com.br\/novoportal\/?p=82578"},"modified":"2019-09-26T23:54:04","modified_gmt":"2019-09-27T02:54:04","slug":"prefeitura-de-itapetinga-entrega-creche-e-lavanderia-na-vila-isabel-totalmente-reformadas","status":"publish","type":"post","link":"https:\/\/www.sudoestehoje.com.br\/novoportal\/2019\/09\/26\/prefeitura-de-itapetinga-entrega-creche-e-lavanderia-na-vila-isabel-totalmente-reformadas\/","title":{"rendered":"PREFEITURA DE ITAPETINGA ENTREGA CRECHE E LAVANDERIA NA VILA ISABEL TOTALMENTE REFORMADAS"},"content":{"rendered":"<p data-raofz=\"16\"><a href=\"https:\/\/www.sudoestehoje.com.br\/novoportal\/wp-content\/uploads\/2019\/09\/cre.jpeg\"><img loading=\"lazy\" decoding=\"async\" class=\"aligncenter size-medium wp-image-82579\" src=\"https:\/\/www.sudoestehoje.com.br\/novoportal\/wp-content\/uploads\/2019\/09\/cre-500x315.jpeg\" alt=\"\" width=\"500\" height=\"315\" srcset=\"https:\/\/www.sudoestehoje.com.br\/novoportal\/wp-content\/uploads\/2019\/09\/cre-500x315.jpeg 500w, https:\/\/www.sudoestehoje.com.br\/novoportal\/wp-content\/uploads\/2019\/09\/cre-768x484.jpeg 768w, https:\/\/www.sudoestehoje.com.br\/novoportal\/wp-content\/uploads\/2019\/09\/cre-700x441.jpeg 700w, https:\/\/www.sudoestehoje.com.br\/novoportal\/wp-content\/uploads\/2019\/09\/cre.jpeg 1080w\" sizes=\"auto, (max-width: 500px) 100vw, 500px\" \/><\/a><\/p>\n<p data-raofz=\"16\">Fechando um m\u00eas de muitas inaugura\u00e7\u00f5es, a prefeitura entregou, na manh\u00e3 desta quinta-feira, 26, mais duas excelentes benfeitorias para Itapetinga. J\u00e1 agraciados com a reforma e amplia\u00e7\u00e3o da ESF \u2013 Estrat\u00e9gia de Sa\u00fade da Fam\u00edlia \u2013 os moradores da Vila Isabel receberam, agora, a Creche Iracema Hagge e a Lavanderia Deralda Fonseca de Souza completamente reformadas.<\/p>\n<p data-raofz=\"16\"><a href=\"https:\/\/www.sudoestehoje.com.br\/novoportal\/wp-content\/uploads\/2019\/09\/cre-2.jpg\"><img loading=\"lazy\" decoding=\"async\" class=\"aligncenter size-medium wp-image-82582\" src=\"https:\/\/www.sudoestehoje.com.br\/novoportal\/wp-content\/uploads\/2019\/09\/cre-2-500x333.jpg\" alt=\"\" width=\"500\" height=\"333\" srcset=\"https:\/\/www.sudoestehoje.com.br\/novoportal\/wp-content\/uploads\/2019\/09\/cre-2-500x333.jpg 500w, https:\/\/www.sudoestehoje.com.br\/novoportal\/wp-content\/uploads\/2019\/09\/cre-2-768x512.jpg 768w, https:\/\/www.sudoestehoje.com.br\/novoportal\/wp-content\/uploads\/2019\/09\/cre-2-700x466.jpg 700w, https:\/\/www.sudoestehoje.com.br\/novoportal\/wp-content\/uploads\/2019\/09\/cre-2.jpg 1280w\" sizes=\"auto, (max-width: 500px) 100vw, 500px\" \/><\/a><\/p>\n<p data-raofz=\"16\"><strong>Creche<\/strong>\u00a0<strong>Iracema Hagge<\/strong><\/p>\n<p data-raofz=\"16\">Criada em 1991, por Michel Hagge, a creche vinha sofrendo com a a\u00e7\u00e3o do tempo. Como afirmou o secret\u00e1rio de educa\u00e7\u00e3o, Geraldo Trindade, a \u00faltima interven\u00e7\u00e3o havia sido feita em 2003. Agora, a escola recebeu, al\u00e9m de uma ampla reforma estrutural e pintura, a Creche recebeu novas rampas de acessibilidade, adequa\u00e7\u00e3o de banheiros, constru\u00e7\u00e3o de cozinha, \u00e1rea de servi\u00e7o e de conviv\u00eancia, ventiladores e tudo que \u00e9 necess\u00e1rio para construir uma aprendizagem com ludicidade.<\/p>\n<p data-raofz=\"16\"><a href=\"https:\/\/www.sudoestehoje.com.br\/novoportal\/wp-content\/uploads\/2019\/09\/cre-9.jpg\"><img loading=\"lazy\" decoding=\"async\" class=\"aligncenter size-medium wp-image-82589\" src=\"https:\/\/www.sudoestehoje.com.br\/novoportal\/wp-content\/uploads\/2019\/09\/cre-9-500x366.jpg\" alt=\"\" width=\"500\" height=\"366\" srcset=\"https:\/\/www.sudoestehoje.com.br\/novoportal\/wp-content\/uploads\/2019\/09\/cre-9-500x366.jpg 500w, https:\/\/www.sudoestehoje.com.br\/novoportal\/wp-content\/uploads\/2019\/09\/cre-9-768x562.jpg 768w, https:\/\/www.sudoestehoje.com.br\/novoportal\/wp-content\/uploads\/2019\/09\/cre-9-700x512.jpg 700w, https:\/\/www.sudoestehoje.com.br\/novoportal\/wp-content\/uploads\/2019\/09\/cre-9.jpg 1080w\" sizes=\"auto, (max-width: 500px) 100vw, 500px\" \/><\/a><\/p>\n<p data-raofz=\"16\">Na cerim\u00f4nia de entrega, Alana, m\u00e3e de Sophia, aluna da Creche Iracema Hagge, agradeceu ao prefeito \u201cpor dar um lugar de honra para cuidar dos nossos filhos. Quantos anos passamos sem que ningu\u00e9m olhasse por n\u00f3s, sem que mexessem em nada que era preciso aqui. Eu s\u00f3 tenho a agradecer por tudo que voc\u00eas est\u00e3o proporcionando \u00e0 nossa comunidade\u201d, falou Alana.<\/p>\n<p data-raofz=\"16\"><a href=\"https:\/\/www.sudoestehoje.com.br\/novoportal\/wp-content\/uploads\/2019\/09\/cre-1.jpg\"><img loading=\"lazy\" decoding=\"async\" class=\"aligncenter size-medium wp-image-82581\" src=\"https:\/\/www.sudoestehoje.com.br\/novoportal\/wp-content\/uploads\/2019\/09\/cre-1-500x333.jpg\" alt=\"\" width=\"500\" height=\"333\" srcset=\"https:\/\/www.sudoestehoje.com.br\/novoportal\/wp-content\/uploads\/2019\/09\/cre-1-500x333.jpg 500w, https:\/\/www.sudoestehoje.com.br\/novoportal\/wp-content\/uploads\/2019\/09\/cre-1-768x512.jpg 768w, https:\/\/www.sudoestehoje.com.br\/novoportal\/wp-content\/uploads\/2019\/09\/cre-1-700x466.jpg 700w, https:\/\/www.sudoestehoje.com.br\/novoportal\/wp-content\/uploads\/2019\/09\/cre-1.jpg 1280w\" sizes=\"auto, (max-width: 500px) 100vw, 500px\" \/><\/a><\/p>\n<p data-raofz=\"16\">Geraldo Trindade destacou a import\u00e2ncia do momento para ele. \u201cOs \u00faltimos 30 dias foram de grande emo\u00e7\u00e3o. Primeiro pela entrega da reforma da Resita e, agora, com a entrega da Creche Iracema Hagge \u2013 as \u00faltimas interven\u00e7\u00f5es nessas unidades aconteceram quando eu era secret\u00e1rio. Quando entregamos essas obras, n\u00f3s estamos cuidando de pessoas\u201d, falou Geraldo ao deixar as portas da creche abertas para quem quiser ver a grandeza da obra. \u201cO que tem sido feito nesta gest\u00e3o \u00e9 impressionante\u201d, concluiu.<\/p>\n<p data-raofz=\"16\"><a href=\"https:\/\/www.sudoestehoje.com.br\/novoportal\/wp-content\/uploads\/2019\/09\/cre-4.jpg\"><img loading=\"lazy\" decoding=\"async\" class=\"aligncenter size-medium wp-image-82584\" src=\"https:\/\/www.sudoestehoje.com.br\/novoportal\/wp-content\/uploads\/2019\/09\/cre-4-500x333.jpg\" alt=\"\" width=\"500\" height=\"333\" srcset=\"https:\/\/www.sudoestehoje.com.br\/novoportal\/wp-content\/uploads\/2019\/09\/cre-4-500x333.jpg 500w, https:\/\/www.sudoestehoje.com.br\/novoportal\/wp-content\/uploads\/2019\/09\/cre-4-768x512.jpg 768w, https:\/\/www.sudoestehoje.com.br\/novoportal\/wp-content\/uploads\/2019\/09\/cre-4-700x466.jpg 700w, https:\/\/www.sudoestehoje.com.br\/novoportal\/wp-content\/uploads\/2019\/09\/cre-4.jpg 1280w\" sizes=\"auto, (max-width: 500px) 100vw, 500px\" \/><\/a><\/p>\n<p data-raofz=\"16\"><strong>Lavanderia<\/strong>\u00a0<strong>Deralda Fonseca<\/strong><\/p>\n<p data-raofz=\"16\">Constru\u00edda h\u00e1 mais de tr\u00eas d\u00e9cadas, a Lavanderia Deralda Fonseca de Souza foi encontrada em total abandono. Como bem destacou o vice-prefeito Renan Pereira, \u201cera triste passar por l\u00e1. A mesa de passar ferro estava caindo, os tanques estavam quebrados, os canos estavam destru\u00eddos e os cabos de eletricidade ofereciam risco a quem trabalhava ali\u201d, afirmou Renan.<\/p>\n<p data-raofz=\"16\"><a href=\"https:\/\/www.sudoestehoje.com.br\/novoportal\/wp-content\/uploads\/2019\/09\/cre-8.jpg\"><img loading=\"lazy\" decoding=\"async\" class=\"aligncenter size-medium wp-image-82588\" src=\"https:\/\/www.sudoestehoje.com.br\/novoportal\/wp-content\/uploads\/2019\/09\/cre-8-500x330.jpg\" alt=\"\" width=\"500\" height=\"330\" srcset=\"https:\/\/www.sudoestehoje.com.br\/novoportal\/wp-content\/uploads\/2019\/09\/cre-8-500x330.jpg 500w, https:\/\/www.sudoestehoje.com.br\/novoportal\/wp-content\/uploads\/2019\/09\/cre-8-768x508.jpg 768w, https:\/\/www.sudoestehoje.com.br\/novoportal\/wp-content\/uploads\/2019\/09\/cre-8-700x463.jpg 700w, https:\/\/www.sudoestehoje.com.br\/novoportal\/wp-content\/uploads\/2019\/09\/cre-8.jpg 1280w\" sizes=\"auto, (max-width: 500px) 100vw, 500px\" \/><\/a><\/p>\n<p data-raofz=\"16\">Agora, al\u00e9m de um local mais bonito e apraz\u00edvel, a lavanderia est\u00e1 segura e oferecendo melhores condi\u00e7\u00f5es de trabalho. A Secret\u00e1ria de Desenvolvimento Social, Virg\u00ednia Brito, falou da import\u00e2ncia do local para as 18 lavadeiras que, dali, tiram o sustento de suas fam\u00edlias: \u201cMuitas cidades da regi\u00e3o com as quais dialogamos n\u00e3o acreditam na estrutura que a prefeitura oferece. Al\u00e9m do espa\u00e7o f\u00edsico, a prefeitura custeia \u00e1gua, produto de limpeza e um cafezinho\u201d, contou a secret\u00e1ria.<\/p>\n<p data-raofz=\"16\"><a href=\"https:\/\/www.sudoestehoje.com.br\/novoportal\/wp-content\/uploads\/2019\/09\/cre-6.jpg\"><img loading=\"lazy\" decoding=\"async\" class=\"aligncenter size-medium wp-image-82586\" src=\"https:\/\/www.sudoestehoje.com.br\/novoportal\/wp-content\/uploads\/2019\/09\/cre-6-500x333.jpg\" alt=\"\" width=\"500\" height=\"333\" srcset=\"https:\/\/www.sudoestehoje.com.br\/novoportal\/wp-content\/uploads\/2019\/09\/cre-6-500x333.jpg 500w, https:\/\/www.sudoestehoje.com.br\/novoportal\/wp-content\/uploads\/2019\/09\/cre-6-768x512.jpg 768w, https:\/\/www.sudoestehoje.com.br\/novoportal\/wp-content\/uploads\/2019\/09\/cre-6-700x466.jpg 700w, https:\/\/www.sudoestehoje.com.br\/novoportal\/wp-content\/uploads\/2019\/09\/cre-6.jpg 1280w\" sizes=\"auto, (max-width: 500px) 100vw, 500px\" \/><\/a><\/p>\n<p data-raofz=\"16\">Segundo Renan Pereira, o discurso de D. Nega, lavadeira h\u00e1 mais de 31 anos, \u00e9 o que representa a administra\u00e7\u00e3o: \u201cA gente quer trabalhar para o povo, falar com a linguagem dele, atender \u00e0s suas necessidades\u201d, concluiu o vice-prefeito. <em>\/\/Ascom PMI<\/em><\/p>\n<p data-raofz=\"16\"><a href=\"https:\/\/www.sudoestehoje.com.br\/novoportal\/wp-content\/uploads\/2019\/09\/vereadores-1.jpg\"><img loading=\"lazy\" decoding=\"async\" class=\"aligncenter size-medium wp-image-82600\" src=\"https:\/\/www.sudoestehoje.com.br\/novoportal\/wp-content\/uploads\/2019\/09\/vereadores-1-500x333.jpg\" alt=\"\" width=\"500\" height=\"333\" srcset=\"https:\/\/www.sudoestehoje.com.br\/novoportal\/wp-content\/uploads\/2019\/09\/vereadores-1-500x333.jpg 500w, https:\/\/www.sudoestehoje.com.br\/novoportal\/wp-content\/uploads\/2019\/09\/vereadores-1-768x512.jpg 768w, https:\/\/www.sudoestehoje.com.br\/novoportal\/wp-content\/uploads\/2019\/09\/vereadores-1-700x467.jpg 700w, https:\/\/www.sudoestehoje.com.br\/novoportal\/wp-content\/uploads\/2019\/09\/vereadores-1.jpg 960w\" sizes=\"auto, (max-width: 500px) 100vw, 500px\" \/><\/a><\/p>\n","protected":false},"excerpt":{"rendered":"<p>Fechando um m\u00eas de muitas inaugura\u00e7\u00f5es, a prefeitura entregou, na manh\u00e3 desta quinta-feira, 26, mais duas excelentes benfeitorias para Itapetinga. J\u00e1 agraciados com a reforma e amplia\u00e7\u00e3o da ESF \u2013 Estrat\u00e9gia de Sa\u00fade da Fam\u00edlia \u2013 os moradores da Vila Isabel receberam, agora, a Creche Iracema Hagge e a Lavanderia Deralda Fonseca de Souza completamente [&hellip;]<\/p>\n","protected":false},"author":2,"featured_media":82582,"comment_status":"open","ping_status":"open","sticky":false,"template":"","format":"standard","meta":{"footnotes":"","_links_to":"","_links_to_target":""},"categories":[1],"tags":[],"class_list":["post-82578","post","type-post","status-publish","format-standard","has-post-thumbnail","hentry","category-geral"],"views":1452,"_links":{"self":[{"href":"https:\/\/www.sudoestehoje.com.br\/novoportal\/wp-json\/wp\/v2\/posts\/82578","targetHints":{"allow":["GET"]}}],"collection":[{"href":"https:\/\/www.sudoestehoje.com.br\/novoportal\/wp-json\/wp\/v2\/posts"}],"about":[{"href":"https:\/\/www.sudoestehoje.com.br\/novoportal\/wp-json\/wp\/v2\/types\/post"}],"author":[{"embeddable":true,"href":"https:\/\/www.sudoestehoje.com.br\/novoportal\/wp-json\/wp\/v2\/users\/2"}],"replies":[{"embeddable":true,"href":"https:\/\/www.sudoestehoje.com.br\/novoportal\/wp-json\/wp\/v2\/comments?post=82578"}],"version-history":[{"count":3,"href":"https:\/\/www.sudoestehoje.com.br\/novoportal\/wp-json\/wp\/v2\/posts\/82578\/revisions"}],"predecessor-version":[{"id":82601,"href":"https:\/\/www.sudoestehoje.com.br\/novoportal\/wp-json\/wp\/v2\/posts\/82578\/revisions\/82601"}],"wp:featuredmedia":[{"embeddable":true,"href":"https:\/\/www.sudoestehoje.com.br\/novoportal\/wp-json\/wp\/v2\/media\/82582"}],"wp:attachment":[{"href":"https:\/\/www.sudoestehoje.com.br\/novoportal\/wp-json\/wp\/v2\/media?parent=82578"}],"wp:term":[{"taxonomy":"category","embeddable":true,"href":"https:\/\/www.sudoestehoje.com.br\/novoportal\/wp-json\/wp\/v2\/categories?post=82578"},{"taxonomy":"post_tag","embeddable":true,"href":"https:\/\/www.sudoestehoje.com.br\/novoportal\/wp-json\/wp\/v2\/tags?post=82578"}],"curies":[{"name":"wp","href":"https:\/\/api.w.org\/{rel}","templated":true}]}}