
{"id":82569,"date":"2019-09-26T00:15:05","date_gmt":"2019-09-26T03:15:05","guid":{"rendered":"https:\/\/www.sudoestehoje.com.br\/novoportal\/?p=82569"},"modified":"2019-09-26T00:15:05","modified_gmt":"2019-09-26T03:15:05","slug":"itapetinga-1o-suplente-neto-ferraz-deve-assumir-vaga-de-diga-diga-na-camara","status":"publish","type":"post","link":"https:\/\/www.sudoestehoje.com.br\/novoportal\/2019\/09\/26\/itapetinga-1o-suplente-neto-ferraz-deve-assumir-vaga-de-diga-diga-na-camara\/","title":{"rendered":"ITAPETINGA: 1\u00ba SUPLENTE NETO FERRAZ DEVE ASSUMIR VAGA DE DIGA DIGA NA C\u00c2MARA"},"content":{"rendered":"<p><a href=\"https:\/\/www.sudoestehoje.com.br\/novoportal\/wp-content\/uploads\/2019\/09\/NETO-FERRAZ.jpg\"><img loading=\"lazy\" decoding=\"async\" class=\"aligncenter size-medium wp-image-82570\" src=\"https:\/\/www.sudoestehoje.com.br\/novoportal\/wp-content\/uploads\/2019\/09\/NETO-FERRAZ-500x496.jpg\" alt=\"\" width=\"500\" height=\"496\" srcset=\"https:\/\/www.sudoestehoje.com.br\/novoportal\/wp-content\/uploads\/2019\/09\/NETO-FERRAZ-500x496.jpg 500w, https:\/\/www.sudoestehoje.com.br\/novoportal\/wp-content\/uploads\/2019\/09\/NETO-FERRAZ-150x150.jpg 150w, https:\/\/www.sudoestehoje.com.br\/novoportal\/wp-content\/uploads\/2019\/09\/NETO-FERRAZ-768x762.jpg 768w, https:\/\/www.sudoestehoje.com.br\/novoportal\/wp-content\/uploads\/2019\/09\/NETO-FERRAZ-700x694.jpg 700w, https:\/\/www.sudoestehoje.com.br\/novoportal\/wp-content\/uploads\/2019\/09\/NETO-FERRAZ.jpg 1080w\" sizes=\"auto, (max-width: 500px) 100vw, 500px\" \/><\/a><\/p>\n<p>Com o afastamento preventivo, por 90 dias, do vereador Diga Diga, decretado por vota\u00e7\u00e3o majorit\u00e1ria na sess\u00e3o legislativa desta quarta-feira (25), na C\u00e2mara Municipal de Itapetinga, quem deve assumir a vaga pelo per\u00edodo do afastamento \u00e9 o primeiro suplente do PL, Ant\u00f4nio Ferraz Silva Neto, conhecido popularmente como &#8216;Neto da Comutran&#8217;.<\/p>\n<p>Neto concorreu a uma vaga de vereador em 2016, pelo ent\u00e3o Partido da Rep\u00fablica &#8211; PR, hoje Partido Liberal &#8211; PL, mas n\u00e3o foi eleito, mesmo obtendo 403 votos.<\/p>\n<p>Pessoa calma e bem relacionada, Neto Ferraz assume provisoriamente, mas pode ocupar a vaga de forma definitiva, caso o vereador Diga Diga venha a ser cassado no processo que apura a quebra do decoro parlamentar aberto na C\u00e2mara de Vereadores.<\/p>\n<p><em><strong>Por Davi Ferraz<\/strong><\/em><\/p>\n","protected":false},"excerpt":{"rendered":"<p>Com o afastamento preventivo, por 90 dias, do vereador Diga Diga, decretado por vota\u00e7\u00e3o majorit\u00e1ria na sess\u00e3o legislativa desta quarta-feira (25), na C\u00e2mara Municipal de Itapetinga, quem deve assumir a vaga pelo per\u00edodo do afastamento \u00e9 o primeiro suplente do PL, Ant\u00f4nio Ferraz Silva Neto, conhecido popularmente como &#8216;Neto da Comutran&#8217;. Neto concorreu a uma [&hellip;]<\/p>\n","protected":false},"author":2,"featured_media":82570,"comment_status":"open","ping_status":"open","sticky":false,"template":"","format":"standard","meta":{"footnotes":"","_links_to":"","_links_to_target":""},"categories":[1],"tags":[],"class_list":["post-82569","post","type-post","status-publish","format-standard","has-post-thumbnail","hentry","category-geral"],"views":975,"_links":{"self":[{"href":"https:\/\/www.sudoestehoje.com.br\/novoportal\/wp-json\/wp\/v2\/posts\/82569","targetHints":{"allow":["GET"]}}],"collection":[{"href":"https:\/\/www.sudoestehoje.com.br\/novoportal\/wp-json\/wp\/v2\/posts"}],"about":[{"href":"https:\/\/www.sudoestehoje.com.br\/novoportal\/wp-json\/wp\/v2\/types\/post"}],"author":[{"embeddable":true,"href":"https:\/\/www.sudoestehoje.com.br\/novoportal\/wp-json\/wp\/v2\/users\/2"}],"replies":[{"embeddable":true,"href":"https:\/\/www.sudoestehoje.com.br\/novoportal\/wp-json\/wp\/v2\/comments?post=82569"}],"version-history":[{"count":2,"href":"https:\/\/www.sudoestehoje.com.br\/novoportal\/wp-json\/wp\/v2\/posts\/82569\/revisions"}],"predecessor-version":[{"id":82572,"href":"https:\/\/www.sudoestehoje.com.br\/novoportal\/wp-json\/wp\/v2\/posts\/82569\/revisions\/82572"}],"wp:featuredmedia":[{"embeddable":true,"href":"https:\/\/www.sudoestehoje.com.br\/novoportal\/wp-json\/wp\/v2\/media\/82570"}],"wp:attachment":[{"href":"https:\/\/www.sudoestehoje.com.br\/novoportal\/wp-json\/wp\/v2\/media?parent=82569"}],"wp:term":[{"taxonomy":"category","embeddable":true,"href":"https:\/\/www.sudoestehoje.com.br\/novoportal\/wp-json\/wp\/v2\/categories?post=82569"},{"taxonomy":"post_tag","embeddable":true,"href":"https:\/\/www.sudoestehoje.com.br\/novoportal\/wp-json\/wp\/v2\/tags?post=82569"}],"curies":[{"name":"wp","href":"https:\/\/api.w.org\/{rel}","templated":true}]}}