
{"id":82560,"date":"2019-09-24T23:53:10","date_gmt":"2019-09-25T02:53:10","guid":{"rendered":"https:\/\/www.sudoestehoje.com.br\/novoportal\/?p=82560"},"modified":"2019-09-24T23:53:10","modified_gmt":"2019-09-25T02:53:10","slug":"itapetinga-nova-avenida-ligando-a-cooedita-ao-assai-esta-sendo-construida","status":"publish","type":"post","link":"https:\/\/www.sudoestehoje.com.br\/novoportal\/2019\/09\/24\/itapetinga-nova-avenida-ligando-a-cooedita-ao-assai-esta-sendo-construida\/","title":{"rendered":"ITAPETINGA: NOVA AVENIDA LIGANDO A COOEDITA AO ASSA\u00cd EST\u00c1 SENDO CONSTRU\u00cdDA"},"content":{"rendered":"<p><a href=\"https:\/\/www.sudoestehoje.com.br\/novoportal\/wp-content\/uploads\/2019\/09\/EEUU-2.jpg\"><img loading=\"lazy\" decoding=\"async\" class=\"aligncenter size-medium wp-image-82563\" src=\"https:\/\/www.sudoestehoje.com.br\/novoportal\/wp-content\/uploads\/2019\/09\/EEUU-2-500x300.jpg\" alt=\"\" width=\"500\" height=\"300\" srcset=\"https:\/\/www.sudoestehoje.com.br\/novoportal\/wp-content\/uploads\/2019\/09\/EEUU-2-500x300.jpg 500w, https:\/\/www.sudoestehoje.com.br\/novoportal\/wp-content\/uploads\/2019\/09\/EEUU-2-768x461.jpg 768w, https:\/\/www.sudoestehoje.com.br\/novoportal\/wp-content\/uploads\/2019\/09\/EEUU-2-700x420.jpg 700w, https:\/\/www.sudoestehoje.com.br\/novoportal\/wp-content\/uploads\/2019\/09\/EEUU-2.jpg 960w\" sizes=\"auto, (max-width: 500px) 100vw, 500px\" \/><\/a><\/p>\n<p>Numa parceria p\u00fablico-privada entre a Prefeitura de Itapetinga e o Grupo Assa\u00ed, est\u00e1 sendo constru\u00edda uma nova avenida na cidade, ligando a entrada do bairro Recanto da Colina ao novo atacadista, tamb\u00e9m em constru\u00e7\u00e3o \u00e0 margens da BA-263.<\/p>\n<p>Atrav\u00e9s da parceria, o Assa\u00ed assumiu a responsabilidade de entregar pronta toda a base da pista de cerca de 900 metros da Avenida Estados Unidos, ficando o munic\u00edpio com a responsabilidade de asfaltar e iluminar todo o trajeto, at\u00e9 a entrada do novo empreendimento.<\/p>\n<p><a href=\"https:\/\/www.sudoestehoje.com.br\/novoportal\/wp-content\/uploads\/2019\/09\/EEUU-1.jpg\"><img loading=\"lazy\" decoding=\"async\" class=\"aligncenter size-medium wp-image-82562\" src=\"https:\/\/www.sudoestehoje.com.br\/novoportal\/wp-content\/uploads\/2019\/09\/EEUU-1-500x300.jpg\" alt=\"\" width=\"500\" height=\"300\" srcset=\"https:\/\/www.sudoestehoje.com.br\/novoportal\/wp-content\/uploads\/2019\/09\/EEUU-1-500x300.jpg 500w, https:\/\/www.sudoestehoje.com.br\/novoportal\/wp-content\/uploads\/2019\/09\/EEUU-1-768x461.jpg 768w, https:\/\/www.sudoestehoje.com.br\/novoportal\/wp-content\/uploads\/2019\/09\/EEUU-1-700x420.jpg 700w, https:\/\/www.sudoestehoje.com.br\/novoportal\/wp-content\/uploads\/2019\/09\/EEUU-1.jpg 960w\" sizes=\"auto, (max-width: 500px) 100vw, 500px\" \/><\/a><\/p>\n<p>Segundo informa\u00e7\u00f5es da Secretaria Municipal de Urbanismo, a ilumina\u00e7\u00e3o ser\u00e1 \u00e0 Led, e o posteamento j\u00e1 teria sido adquirido. Nos pr\u00f3ximos dias ser\u00e1 decidido o tipo de asfalto que ser\u00e1 utilizado na pavimenta\u00e7\u00e3o.<\/p>\n<p>As obras de terraplanagem e prepara\u00e7\u00e3o da nova pista j\u00e1 foram iniciadas e dever\u00e3o ser conclu\u00eddas at\u00e9 o m\u00eas de dezembro pr\u00f3ximo, quando o Assa\u00ed ser\u00e1 inaugurado.<\/p>\n<p><strong><em>Por Davi Ferraz\u00a0<\/em><\/strong><\/p>\n","protected":false},"excerpt":{"rendered":"<p>Numa parceria p\u00fablico-privada entre a Prefeitura de Itapetinga e o Grupo Assa\u00ed, est\u00e1 sendo constru\u00edda uma nova avenida na cidade, ligando a entrada do bairro Recanto da Colina ao novo atacadista, tamb\u00e9m em constru\u00e7\u00e3o \u00e0 margens da BA-263. Atrav\u00e9s da parceria, o Assa\u00ed assumiu a responsabilidade de entregar pronta toda a base da pista de [&hellip;]<\/p>\n","protected":false},"author":2,"featured_media":82562,"comment_status":"open","ping_status":"open","sticky":false,"template":"","format":"standard","meta":{"footnotes":"","_links_to":"","_links_to_target":""},"categories":[1],"tags":[],"class_list":["post-82560","post","type-post","status-publish","format-standard","has-post-thumbnail","hentry","category-geral"],"views":939,"_links":{"self":[{"href":"https:\/\/www.sudoestehoje.com.br\/novoportal\/wp-json\/wp\/v2\/posts\/82560","targetHints":{"allow":["GET"]}}],"collection":[{"href":"https:\/\/www.sudoestehoje.com.br\/novoportal\/wp-json\/wp\/v2\/posts"}],"about":[{"href":"https:\/\/www.sudoestehoje.com.br\/novoportal\/wp-json\/wp\/v2\/types\/post"}],"author":[{"embeddable":true,"href":"https:\/\/www.sudoestehoje.com.br\/novoportal\/wp-json\/wp\/v2\/users\/2"}],"replies":[{"embeddable":true,"href":"https:\/\/www.sudoestehoje.com.br\/novoportal\/wp-json\/wp\/v2\/comments?post=82560"}],"version-history":[{"count":2,"href":"https:\/\/www.sudoestehoje.com.br\/novoportal\/wp-json\/wp\/v2\/posts\/82560\/revisions"}],"predecessor-version":[{"id":82564,"href":"https:\/\/www.sudoestehoje.com.br\/novoportal\/wp-json\/wp\/v2\/posts\/82560\/revisions\/82564"}],"wp:featuredmedia":[{"embeddable":true,"href":"https:\/\/www.sudoestehoje.com.br\/novoportal\/wp-json\/wp\/v2\/media\/82562"}],"wp:attachment":[{"href":"https:\/\/www.sudoestehoje.com.br\/novoportal\/wp-json\/wp\/v2\/media?parent=82560"}],"wp:term":[{"taxonomy":"category","embeddable":true,"href":"https:\/\/www.sudoestehoje.com.br\/novoportal\/wp-json\/wp\/v2\/categories?post=82560"},{"taxonomy":"post_tag","embeddable":true,"href":"https:\/\/www.sudoestehoje.com.br\/novoportal\/wp-json\/wp\/v2\/tags?post=82560"}],"curies":[{"name":"wp","href":"https:\/\/api.w.org\/{rel}","templated":true}]}}