
{"id":82555,"date":"2019-09-24T21:48:08","date_gmt":"2019-09-25T00:48:08","guid":{"rendered":"https:\/\/www.sudoestehoje.com.br\/novoportal\/?p=82555"},"modified":"2019-09-24T21:48:08","modified_gmt":"2019-09-25T00:48:08","slug":"advogado-e-preso-em-operacao-contra-esquema-de-venda-de-sentencas-na-bahia","status":"publish","type":"post","link":"https:\/\/www.sudoestehoje.com.br\/novoportal\/2019\/09\/24\/advogado-e-preso-em-operacao-contra-esquema-de-venda-de-sentencas-na-bahia\/","title":{"rendered":"ADVOGADO \u00c9 PRESO EM OPERA\u00c7\u00c3O CONTRA ESQUEMA DE VENDA DE SENTEN\u00c7AS NA BAHIA"},"content":{"rendered":"<div class=\"mc-column content-text active-extra-styles \" data-block-type=\"unstyled\" data-block-weight=\"42\" data-block-id=\"2\">\n<p data-track-category=\"Link no Texto\" data-track-links=\"\"><a href=\"https:\/\/www.sudoestehoje.com.br\/novoportal\/wp-content\/uploads\/2019\/09\/INJUSTA-CAUSA.jpeg\"><img loading=\"lazy\" decoding=\"async\" class=\"aligncenter size-medium wp-image-82557\" src=\"https:\/\/www.sudoestehoje.com.br\/novoportal\/wp-content\/uploads\/2019\/09\/INJUSTA-CAUSA-500x280.jpeg\" alt=\"\" width=\"500\" height=\"280\" srcset=\"https:\/\/www.sudoestehoje.com.br\/novoportal\/wp-content\/uploads\/2019\/09\/INJUSTA-CAUSA-500x280.jpeg 500w, https:\/\/www.sudoestehoje.com.br\/novoportal\/wp-content\/uploads\/2019\/09\/INJUSTA-CAUSA.jpeg 640w\" sizes=\"auto, (max-width: 500px) 100vw, 500px\" \/><\/a><\/p>\n<p class=\"content-text__container \" data-track-category=\"Link no Texto\" data-track-links=\"\">Um advogado que est\u00e1 entre os alvos da\u00a0<a href=\"https:\/\/g1.globo.com\/ba\/bahia\/noticia\/2019\/09\/11\/policia-federal-deflagra-operacao-para-desarticular-esquema-de-venda-de-decisoes-judiciais-e-trafico-de-influencia-na-bahia.ghtml\">Opera\u00e7\u00e3o Injusta Causa<\/a>, que combate um esquema de venda de decis\u00f5es judiciais e tr\u00e1fico de influ\u00eancia na Bahia, foi preso nesta ter\u00e7a-feira (24), em Salvador, ap\u00f3s determina\u00e7\u00e3o do Superior Tribunal de Justi\u00e7a (STJ).<\/p>\n<\/div>\n<div class=\"wall protected-content\">\n<div class=\"mc-column content-text active-extra-styles \" data-block-type=\"unstyled\" data-block-weight=\"45\" data-block-id=\"3\">\n<p class=\"content-text__container \" data-track-category=\"Link no Texto\" data-track-links=\"\">De acordo com a Pol\u00edcia Federal, o homem, que n\u00e3o teve o nome divulgado, tentou destruir provas, como um celular e alguns documentos, durante o andamento da a\u00e7\u00e3o, deflagrada no dia 11 de setembro. Al\u00e9m do advogado, desembargadores e um juiz est\u00e3o entre os investigados.<\/p>\n<\/div>\n<div class=\"mc-column content-text active-extra-styles\" data-block-type=\"raw\" data-block-weight=\"1\" data-block-id=\"4\">\n<div class=\"content-intertitle\">\n<h2>A\u00e7\u00e3o<\/h2>\n<\/div>\n<\/div>\n<div class=\"mc-column content-text active-extra-styles \" data-block-type=\"unstyled\" data-block-weight=\"40\" data-block-id=\"5\">\n<p class=\"content-text__container \" data-track-category=\"Link no Texto\" data-track-links=\"\">Cerca de 50 policiais federais, acompanhados de cinco procuradores da rep\u00fablica, cumpriram mandados de busca e apreens\u00e3o em um \u00f3rg\u00e3o p\u00fablico, em um escrit\u00f3rio de advocacia, que fica no bairro do Stiep, e nas resid\u00eancias dos investigados, em Salvador.<\/p>\n<\/div>\n<div class=\"mc-column content-text active-extra-styles \" data-block-type=\"unstyled\" data-block-weight=\"40\" data-block-id=\"6\">\n<p class=\"content-text__container \" data-track-category=\"Link no Texto\" data-track-links=\"\">Segundo a PF, assim como a pris\u00e3o do advogado, os mandados foram expedidos pelo Superior Tribunal de Justi\u00e7a (STJ) e o objetivo era localizar e apreender provas complementares dos crimes praticados. A corpora\u00e7\u00e3o n\u00e3o detalhou quais objetos foram apreendidos.<\/p>\n<\/div>\n<\/div>\n","protected":false},"excerpt":{"rendered":"<p>Um advogado que est\u00e1 entre os alvos da\u00a0Opera\u00e7\u00e3o Injusta Causa, que combate um esquema de venda de decis\u00f5es judiciais e tr\u00e1fico de influ\u00eancia na Bahia, foi preso nesta ter\u00e7a-feira (24), em Salvador, ap\u00f3s determina\u00e7\u00e3o do Superior Tribunal de Justi\u00e7a (STJ). De acordo com a Pol\u00edcia Federal, o homem, que n\u00e3o teve o nome divulgado, tentou [&hellip;]<\/p>\n","protected":false},"author":2,"featured_media":82557,"comment_status":"open","ping_status":"open","sticky":false,"template":"","format":"standard","meta":{"footnotes":"","_links_to":"","_links_to_target":""},"categories":[1],"tags":[],"class_list":["post-82555","post","type-post","status-publish","format-standard","has-post-thumbnail","hentry","category-geral"],"views":747,"_links":{"self":[{"href":"https:\/\/www.sudoestehoje.com.br\/novoportal\/wp-json\/wp\/v2\/posts\/82555","targetHints":{"allow":["GET"]}}],"collection":[{"href":"https:\/\/www.sudoestehoje.com.br\/novoportal\/wp-json\/wp\/v2\/posts"}],"about":[{"href":"https:\/\/www.sudoestehoje.com.br\/novoportal\/wp-json\/wp\/v2\/types\/post"}],"author":[{"embeddable":true,"href":"https:\/\/www.sudoestehoje.com.br\/novoportal\/wp-json\/wp\/v2\/users\/2"}],"replies":[{"embeddable":true,"href":"https:\/\/www.sudoestehoje.com.br\/novoportal\/wp-json\/wp\/v2\/comments?post=82555"}],"version-history":[{"count":3,"href":"https:\/\/www.sudoestehoje.com.br\/novoportal\/wp-json\/wp\/v2\/posts\/82555\/revisions"}],"predecessor-version":[{"id":82559,"href":"https:\/\/www.sudoestehoje.com.br\/novoportal\/wp-json\/wp\/v2\/posts\/82555\/revisions\/82559"}],"wp:featuredmedia":[{"embeddable":true,"href":"https:\/\/www.sudoestehoje.com.br\/novoportal\/wp-json\/wp\/v2\/media\/82557"}],"wp:attachment":[{"href":"https:\/\/www.sudoestehoje.com.br\/novoportal\/wp-json\/wp\/v2\/media?parent=82555"}],"wp:term":[{"taxonomy":"category","embeddable":true,"href":"https:\/\/www.sudoestehoje.com.br\/novoportal\/wp-json\/wp\/v2\/categories?post=82555"},{"taxonomy":"post_tag","embeddable":true,"href":"https:\/\/www.sudoestehoje.com.br\/novoportal\/wp-json\/wp\/v2\/tags?post=82555"}],"curies":[{"name":"wp","href":"https:\/\/api.w.org\/{rel}","templated":true}]}}