
{"id":82545,"date":"2019-09-24T11:16:08","date_gmt":"2019-09-24T14:16:08","guid":{"rendered":"https:\/\/www.sudoestehoje.com.br\/novoportal\/?p=82545"},"modified":"2019-09-24T11:17:13","modified_gmt":"2019-09-24T14:17:13","slug":"luto-morre-em-sao-paulo-a-itapetinguense-jane-silva-filha-do-saudoso-sinval-nunes","status":"publish","type":"post","link":"https:\/\/www.sudoestehoje.com.br\/novoportal\/2019\/09\/24\/luto-morre-em-sao-paulo-a-itapetinguense-jane-silva-filha-do-saudoso-sinval-nunes\/","title":{"rendered":"LUTO: MORRE EM S\u00c3O PAULO A ITAPETINGUENSE JANE SILVA, FILHA DO SAUDOSO SINVAL NUNES"},"content":{"rendered":"<p><a href=\"https:\/\/www.sudoestehoje.com.br\/novoportal\/wp-content\/uploads\/2019\/09\/jane-silva-prima.jpg\"><img loading=\"lazy\" decoding=\"async\" class=\"aligncenter size-medium wp-image-82547\" src=\"https:\/\/www.sudoestehoje.com.br\/novoportal\/wp-content\/uploads\/2019\/09\/jane-silva-prima-500x333.jpg\" alt=\"\" width=\"500\" height=\"333\" srcset=\"https:\/\/www.sudoestehoje.com.br\/novoportal\/wp-content\/uploads\/2019\/09\/jane-silva-prima-500x333.jpg 500w, https:\/\/www.sudoestehoje.com.br\/novoportal\/wp-content\/uploads\/2019\/09\/jane-silva-prima-768x512.jpg 768w, https:\/\/www.sudoestehoje.com.br\/novoportal\/wp-content\/uploads\/2019\/09\/jane-silva-prima-700x467.jpg 700w, https:\/\/www.sudoestehoje.com.br\/novoportal\/wp-content\/uploads\/2019\/09\/jane-silva-prima.jpg 960w\" sizes=\"auto, (max-width: 500px) 100vw, 500px\" \/><\/a><\/p>\n<p>Faleceu, na madrugada desta ter\u00e7a-feira (24), a itapetinguense Jane Silva, filha de Sinval Nunes da Silva, empres\u00e1rio e pecuarista local (in memorian).<\/p>\n<p>Segundo informa\u00e7\u00f5es de familiares, Jane estava acometida de doen\u00e7a grave e vinha realizando tratamento em S\u00e3o Paulo, onde residia.<\/p>\n<p>Na adolesc\u00eancia, Jane residiu em Itapetinga, onde contraiu muitas amizades e conviveu ao lado do seu pai e irm\u00e3os.<\/p>\n<p>O editor deste blog, na qualidade de primo e amigo da eterna Jane, manifesta o seu pesar pela perda irrepar\u00e1vel.<\/p>\n<p><strong><em>Davi Ferraz<\/em><\/strong><\/p>\n","protected":false},"excerpt":{"rendered":"<p>Faleceu, na madrugada desta ter\u00e7a-feira (24), a itapetinguense Jane Silva, filha de Sinval Nunes da Silva, empres\u00e1rio e pecuarista local (in memorian). Segundo informa\u00e7\u00f5es de familiares, Jane estava acometida de doen\u00e7a grave e vinha realizando tratamento em S\u00e3o Paulo, onde residia. Na adolesc\u00eancia, Jane residiu em Itapetinga, onde contraiu muitas amizades e conviveu ao lado [&hellip;]<\/p>\n","protected":false},"author":2,"featured_media":82547,"comment_status":"open","ping_status":"open","sticky":false,"template":"","format":"standard","meta":{"footnotes":"","_links_to":"","_links_to_target":""},"categories":[1],"tags":[],"class_list":["post-82545","post","type-post","status-publish","format-standard","has-post-thumbnail","hentry","category-geral"],"views":1066,"_links":{"self":[{"href":"https:\/\/www.sudoestehoje.com.br\/novoportal\/wp-json\/wp\/v2\/posts\/82545","targetHints":{"allow":["GET"]}}],"collection":[{"href":"https:\/\/www.sudoestehoje.com.br\/novoportal\/wp-json\/wp\/v2\/posts"}],"about":[{"href":"https:\/\/www.sudoestehoje.com.br\/novoportal\/wp-json\/wp\/v2\/types\/post"}],"author":[{"embeddable":true,"href":"https:\/\/www.sudoestehoje.com.br\/novoportal\/wp-json\/wp\/v2\/users\/2"}],"replies":[{"embeddable":true,"href":"https:\/\/www.sudoestehoje.com.br\/novoportal\/wp-json\/wp\/v2\/comments?post=82545"}],"version-history":[{"count":3,"href":"https:\/\/www.sudoestehoje.com.br\/novoportal\/wp-json\/wp\/v2\/posts\/82545\/revisions"}],"predecessor-version":[{"id":82549,"href":"https:\/\/www.sudoestehoje.com.br\/novoportal\/wp-json\/wp\/v2\/posts\/82545\/revisions\/82549"}],"wp:featuredmedia":[{"embeddable":true,"href":"https:\/\/www.sudoestehoje.com.br\/novoportal\/wp-json\/wp\/v2\/media\/82547"}],"wp:attachment":[{"href":"https:\/\/www.sudoestehoje.com.br\/novoportal\/wp-json\/wp\/v2\/media?parent=82545"}],"wp:term":[{"taxonomy":"category","embeddable":true,"href":"https:\/\/www.sudoestehoje.com.br\/novoportal\/wp-json\/wp\/v2\/categories?post=82545"},{"taxonomy":"post_tag","embeddable":true,"href":"https:\/\/www.sudoestehoje.com.br\/novoportal\/wp-json\/wp\/v2\/tags?post=82545"}],"curies":[{"name":"wp","href":"https:\/\/api.w.org\/{rel}","templated":true}]}}