
{"id":82537,"date":"2019-09-23T22:49:39","date_gmt":"2019-09-24T01:49:39","guid":{"rendered":"https:\/\/www.sudoestehoje.com.br\/novoportal\/?p=82537"},"modified":"2019-09-23T22:49:39","modified_gmt":"2019-09-24T01:49:39","slug":"passageiro-morre-apos-se-jogar-do-ferry-boat-na-travessia-salvador-itaparica","status":"publish","type":"post","link":"https:\/\/www.sudoestehoje.com.br\/novoportal\/2019\/09\/23\/passageiro-morre-apos-se-jogar-do-ferry-boat-na-travessia-salvador-itaparica\/","title":{"rendered":"PASSAGEIRO MORRE AP\u00d3S SE JOGAR DO FERRY BOAT NA TRAVESSIA SALVADOR &#8211; ITAPARICA"},"content":{"rendered":"<p><a href=\"https:\/\/www.sudoestehoje.com.br\/novoportal\/wp-content\/uploads\/2019\/09\/ferry-1000x530.jpg\"><img loading=\"lazy\" decoding=\"async\" class=\"aligncenter size-medium wp-image-82539\" src=\"https:\/\/www.sudoestehoje.com.br\/novoportal\/wp-content\/uploads\/2019\/09\/ferry-1000x530-500x265.jpg\" alt=\"\" width=\"500\" height=\"265\" srcset=\"https:\/\/www.sudoestehoje.com.br\/novoportal\/wp-content\/uploads\/2019\/09\/ferry-1000x530-500x265.jpg 500w, https:\/\/www.sudoestehoje.com.br\/novoportal\/wp-content\/uploads\/2019\/09\/ferry-1000x530-768x407.jpg 768w, https:\/\/www.sudoestehoje.com.br\/novoportal\/wp-content\/uploads\/2019\/09\/ferry-1000x530-700x371.jpg 700w, https:\/\/www.sudoestehoje.com.br\/novoportal\/wp-content\/uploads\/2019\/09\/ferry-1000x530.jpg 1000w\" sizes=\"auto, (max-width: 500px) 100vw, 500px\" \/><\/a><\/p>\n<p>Um passageiro saltou de uma das embarca\u00e7\u00f5es do Ferry Boat no final da tarde desta segunda-feira (23), ap\u00f3s 20 min da sa\u00edda do ferry Maria Beth\u00e2nia, na viagem das 17h, sentido Salvador\/Ilha de Itaparica.<\/p>\n<p>Segundo nota emitida pela Internacional Travessia, que administra o sistema Ferry Boat, o passageiro foi resgatado pela tripula\u00e7\u00e3o, e levado de volta \u00e0 embarca\u00e7\u00e3o, que retornou ao terminal S\u00e3o Joaquim para continuidade do atendimento em terra pela equipe do SAMU. Entretanto, ele n\u00e3o resistiu.<\/p>\n","protected":false},"excerpt":{"rendered":"<p>Um passageiro saltou de uma das embarca\u00e7\u00f5es do Ferry Boat no final da tarde desta segunda-feira (23), ap\u00f3s 20 min da sa\u00edda do ferry Maria Beth\u00e2nia, na viagem das 17h, sentido Salvador\/Ilha de Itaparica. Segundo nota emitida pela Internacional Travessia, que administra o sistema Ferry Boat, o passageiro foi resgatado pela tripula\u00e7\u00e3o, e levado de [&hellip;]<\/p>\n","protected":false},"author":2,"featured_media":82539,"comment_status":"open","ping_status":"open","sticky":false,"template":"","format":"standard","meta":{"footnotes":"","_links_to":"","_links_to_target":""},"categories":[1],"tags":[],"class_list":["post-82537","post","type-post","status-publish","format-standard","has-post-thumbnail","hentry","category-geral"],"views":982,"_links":{"self":[{"href":"https:\/\/www.sudoestehoje.com.br\/novoportal\/wp-json\/wp\/v2\/posts\/82537","targetHints":{"allow":["GET"]}}],"collection":[{"href":"https:\/\/www.sudoestehoje.com.br\/novoportal\/wp-json\/wp\/v2\/posts"}],"about":[{"href":"https:\/\/www.sudoestehoje.com.br\/novoportal\/wp-json\/wp\/v2\/types\/post"}],"author":[{"embeddable":true,"href":"https:\/\/www.sudoestehoje.com.br\/novoportal\/wp-json\/wp\/v2\/users\/2"}],"replies":[{"embeddable":true,"href":"https:\/\/www.sudoestehoje.com.br\/novoportal\/wp-json\/wp\/v2\/comments?post=82537"}],"version-history":[{"count":2,"href":"https:\/\/www.sudoestehoje.com.br\/novoportal\/wp-json\/wp\/v2\/posts\/82537\/revisions"}],"predecessor-version":[{"id":82540,"href":"https:\/\/www.sudoestehoje.com.br\/novoportal\/wp-json\/wp\/v2\/posts\/82537\/revisions\/82540"}],"wp:featuredmedia":[{"embeddable":true,"href":"https:\/\/www.sudoestehoje.com.br\/novoportal\/wp-json\/wp\/v2\/media\/82539"}],"wp:attachment":[{"href":"https:\/\/www.sudoestehoje.com.br\/novoportal\/wp-json\/wp\/v2\/media?parent=82537"}],"wp:term":[{"taxonomy":"category","embeddable":true,"href":"https:\/\/www.sudoestehoje.com.br\/novoportal\/wp-json\/wp\/v2\/categories?post=82537"},{"taxonomy":"post_tag","embeddable":true,"href":"https:\/\/www.sudoestehoje.com.br\/novoportal\/wp-json\/wp\/v2\/tags?post=82537"}],"curies":[{"name":"wp","href":"https:\/\/api.w.org\/{rel}","templated":true}]}}