
{"id":82518,"date":"2019-09-22T22:13:02","date_gmt":"2019-09-23T01:13:02","guid":{"rendered":"https:\/\/www.sudoestehoje.com.br\/novoportal\/?p=82518"},"modified":"2019-09-22T22:13:02","modified_gmt":"2019-09-23T01:13:02","slug":"carretas-com-estruturas-do-assai-chegam-a-itapetinga-obras-estao-aceleradas","status":"publish","type":"post","link":"https:\/\/www.sudoestehoje.com.br\/novoportal\/2019\/09\/22\/carretas-com-estruturas-do-assai-chegam-a-itapetinga-obras-estao-aceleradas\/","title":{"rendered":"CARRETAS COM ESTRUTURAS DO ASSA\u00cd CHEGAM A ITAPETINGA; OBRAS EST\u00c3O ACELERADAS"},"content":{"rendered":"<p><a href=\"https:\/\/www.sudoestehoje.com.br\/novoportal\/wp-content\/uploads\/2019\/09\/estrutura-assa\u00ed-1.jpg\"><img loading=\"lazy\" decoding=\"async\" class=\"aligncenter size-medium wp-image-82519\" src=\"https:\/\/www.sudoestehoje.com.br\/novoportal\/wp-content\/uploads\/2019\/09\/estrutura-assa\u00ed-1-500x375.jpg\" alt=\"\" width=\"500\" height=\"375\" srcset=\"https:\/\/www.sudoestehoje.com.br\/novoportal\/wp-content\/uploads\/2019\/09\/estrutura-assa\u00ed-1-500x375.jpg 500w, https:\/\/www.sudoestehoje.com.br\/novoportal\/wp-content\/uploads\/2019\/09\/estrutura-assa\u00ed-1-768x576.jpg 768w, https:\/\/www.sudoestehoje.com.br\/novoportal\/wp-content\/uploads\/2019\/09\/estrutura-assa\u00ed-1-700x525.jpg 700w, https:\/\/www.sudoestehoje.com.br\/novoportal\/wp-content\/uploads\/2019\/09\/estrutura-assa\u00ed-1.jpg 1032w\" sizes=\"auto, (max-width: 500px) 100vw, 500px\" \/><\/a><\/p>\n<p>J\u00e1 se encontram em Itapetinga, estacionadas nas proximidades do Posto do Cooleite, as carretas carregadas com parte da estrutura pr\u00e9-moldada do Atacadista Assa\u00ed, em fase de implanta\u00e7\u00e3o no munic\u00edpio.<\/p>\n<p>Segundo o leitor do <em>Sudoeste Hoje<\/em> que fotografou os equipamentos, na noite deste domingo (22), s\u00e3o cerca de 10 carretas carregadas com estruturas met\u00e1licas, que dever\u00e3o ser descarregadas no local da obra nesta segunda-feira (23).<\/p>\n<p>A montagem deve come\u00e7ar nos pr\u00f3ximos dias.<\/p>\n<p><strong><em>Por Davi Ferraz\u00a0<\/em><\/strong><\/p>\n","protected":false},"excerpt":{"rendered":"<p>J\u00e1 se encontram em Itapetinga, estacionadas nas proximidades do Posto do Cooleite, as carretas carregadas com parte da estrutura pr\u00e9-moldada do Atacadista Assa\u00ed, em fase de implanta\u00e7\u00e3o no munic\u00edpio. Segundo o leitor do Sudoeste Hoje que fotografou os equipamentos, na noite deste domingo (22), s\u00e3o cerca de 10 carretas carregadas com estruturas met\u00e1licas, que dever\u00e3o [&hellip;]<\/p>\n","protected":false},"author":2,"featured_media":82519,"comment_status":"open","ping_status":"open","sticky":false,"template":"","format":"standard","meta":{"footnotes":"","_links_to":"","_links_to_target":""},"categories":[1],"tags":[],"class_list":["post-82518","post","type-post","status-publish","format-standard","has-post-thumbnail","hentry","category-geral"],"views":1701,"_links":{"self":[{"href":"https:\/\/www.sudoestehoje.com.br\/novoportal\/wp-json\/wp\/v2\/posts\/82518","targetHints":{"allow":["GET"]}}],"collection":[{"href":"https:\/\/www.sudoestehoje.com.br\/novoportal\/wp-json\/wp\/v2\/posts"}],"about":[{"href":"https:\/\/www.sudoestehoje.com.br\/novoportal\/wp-json\/wp\/v2\/types\/post"}],"author":[{"embeddable":true,"href":"https:\/\/www.sudoestehoje.com.br\/novoportal\/wp-json\/wp\/v2\/users\/2"}],"replies":[{"embeddable":true,"href":"https:\/\/www.sudoestehoje.com.br\/novoportal\/wp-json\/wp\/v2\/comments?post=82518"}],"version-history":[{"count":1,"href":"https:\/\/www.sudoestehoje.com.br\/novoportal\/wp-json\/wp\/v2\/posts\/82518\/revisions"}],"predecessor-version":[{"id":82520,"href":"https:\/\/www.sudoestehoje.com.br\/novoportal\/wp-json\/wp\/v2\/posts\/82518\/revisions\/82520"}],"wp:featuredmedia":[{"embeddable":true,"href":"https:\/\/www.sudoestehoje.com.br\/novoportal\/wp-json\/wp\/v2\/media\/82519"}],"wp:attachment":[{"href":"https:\/\/www.sudoestehoje.com.br\/novoportal\/wp-json\/wp\/v2\/media?parent=82518"}],"wp:term":[{"taxonomy":"category","embeddable":true,"href":"https:\/\/www.sudoestehoje.com.br\/novoportal\/wp-json\/wp\/v2\/categories?post=82518"},{"taxonomy":"post_tag","embeddable":true,"href":"https:\/\/www.sudoestehoje.com.br\/novoportal\/wp-json\/wp\/v2\/tags?post=82518"}],"curies":[{"name":"wp","href":"https:\/\/api.w.org\/{rel}","templated":true}]}}