
{"id":82509,"date":"2019-09-22T11:54:56","date_gmt":"2019-09-22T14:54:56","guid":{"rendered":"https:\/\/www.sudoestehoje.com.br\/novoportal\/?p=82509"},"modified":"2019-09-22T22:42:37","modified_gmt":"2019-09-23T01:42:37","slug":"adolescente-do-bairro-americo-nogueira-morre-afogada-em-praia-de-ilheus","status":"publish","type":"post","link":"https:\/\/www.sudoestehoje.com.br\/novoportal\/2019\/09\/22\/adolescente-do-bairro-americo-nogueira-morre-afogada-em-praia-de-ilheus\/","title":{"rendered":"ADOLESCENTE DO BAIRRO AM\u00c9RICO NOGUEIRA MORRE AFOGADA EM PRAIA DE ILH\u00c9US"},"content":{"rendered":"<p><a href=\"https:\/\/www.sudoestehoje.com.br\/novoportal\/wp-content\/uploads\/2019\/09\/bia.jpg\"><img loading=\"lazy\" decoding=\"async\" class=\"aligncenter size-medium wp-image-82513\" src=\"https:\/\/www.sudoestehoje.com.br\/novoportal\/wp-content\/uploads\/2019\/09\/bia-500x646.jpg\" alt=\"\" width=\"500\" height=\"646\" srcset=\"https:\/\/www.sudoestehoje.com.br\/novoportal\/wp-content\/uploads\/2019\/09\/bia-500x646.jpg 500w, https:\/\/www.sudoestehoje.com.br\/novoportal\/wp-content\/uploads\/2019\/09\/bia-768x993.jpg 768w, https:\/\/www.sudoestehoje.com.br\/novoportal\/wp-content\/uploads\/2019\/09\/bia-696x900.jpg 696w, https:\/\/www.sudoestehoje.com.br\/novoportal\/wp-content\/uploads\/2019\/09\/bia.jpg 792w\" sizes=\"auto, (max-width: 500px) 100vw, 500px\" \/><\/a><\/p>\n<p>Uma adolescente de nome prenome BIANCA, 14 Anos, moradora do bairro Am\u00e9rico Nogueira, em Itapetinga, morreu afogada no in\u00edcio da manh\u00e3 deste domingo (22), na prais do Cururupe, na cidade de Ilh\u00e9us. Bianca era estudante do Col\u00e9gio Jandiroba.<\/p>\n<p>A adolescente viajou para Ilh\u00e9us em uma excurs\u00e3o com familiares e amigos, na madrugada de hoje, e por volta das 07 h ela acabou se afogando. A jovem foi socorrida rapidamente, mas acabou engolindo muita \u00e1gua e n\u00e3o resistiu, mesmo tendo recebido os primeiros socorros.<\/p>\n<p>Seu corpo foi conduzido para o IML de Ilh\u00e9us, para necr\u00f3psia, e ser\u00e1 conduzido para Itapetinga, onde ser\u00e1 velado e sepultado. \/\/Informa\u00e7\u00f5es Itapetinga Agora.<\/p>\n","protected":false},"excerpt":{"rendered":"<p>Uma adolescente de nome prenome BIANCA, 14 Anos, moradora do bairro Am\u00e9rico Nogueira, em Itapetinga, morreu afogada no in\u00edcio da manh\u00e3 deste domingo (22), na prais do Cururupe, na cidade de Ilh\u00e9us. Bianca era estudante do Col\u00e9gio Jandiroba. A adolescente viajou para Ilh\u00e9us em uma excurs\u00e3o com familiares e amigos, na madrugada de hoje, e [&hellip;]<\/p>\n","protected":false},"author":2,"featured_media":82513,"comment_status":"open","ping_status":"open","sticky":false,"template":"","format":"standard","meta":{"footnotes":"","_links_to":"","_links_to_target":""},"categories":[1],"tags":[],"class_list":["post-82509","post","type-post","status-publish","format-standard","has-post-thumbnail","hentry","category-geral"],"views":1340,"_links":{"self":[{"href":"https:\/\/www.sudoestehoje.com.br\/novoportal\/wp-json\/wp\/v2\/posts\/82509","targetHints":{"allow":["GET"]}}],"collection":[{"href":"https:\/\/www.sudoestehoje.com.br\/novoportal\/wp-json\/wp\/v2\/posts"}],"about":[{"href":"https:\/\/www.sudoestehoje.com.br\/novoportal\/wp-json\/wp\/v2\/types\/post"}],"author":[{"embeddable":true,"href":"https:\/\/www.sudoestehoje.com.br\/novoportal\/wp-json\/wp\/v2\/users\/2"}],"replies":[{"embeddable":true,"href":"https:\/\/www.sudoestehoje.com.br\/novoportal\/wp-json\/wp\/v2\/comments?post=82509"}],"version-history":[{"count":4,"href":"https:\/\/www.sudoestehoje.com.br\/novoportal\/wp-json\/wp\/v2\/posts\/82509\/revisions"}],"predecessor-version":[{"id":82521,"href":"https:\/\/www.sudoestehoje.com.br\/novoportal\/wp-json\/wp\/v2\/posts\/82509\/revisions\/82521"}],"wp:featuredmedia":[{"embeddable":true,"href":"https:\/\/www.sudoestehoje.com.br\/novoportal\/wp-json\/wp\/v2\/media\/82513"}],"wp:attachment":[{"href":"https:\/\/www.sudoestehoje.com.br\/novoportal\/wp-json\/wp\/v2\/media?parent=82509"}],"wp:term":[{"taxonomy":"category","embeddable":true,"href":"https:\/\/www.sudoestehoje.com.br\/novoportal\/wp-json\/wp\/v2\/categories?post=82509"},{"taxonomy":"post_tag","embeddable":true,"href":"https:\/\/www.sudoestehoje.com.br\/novoportal\/wp-json\/wp\/v2\/tags?post=82509"}],"curies":[{"name":"wp","href":"https:\/\/api.w.org\/{rel}","templated":true}]}}