
{"id":82503,"date":"2019-09-21T21:41:04","date_gmt":"2019-09-22T00:41:04","guid":{"rendered":"https:\/\/www.sudoestehoje.com.br\/novoportal\/?p=82503"},"modified":"2019-09-21T21:41:04","modified_gmt":"2019-09-22T00:41:04","slug":"itapetinga-jovem-empresaria-de-itororo-morre-em-grave-acidente-na-ladeira-da-peroba","status":"publish","type":"post","link":"https:\/\/www.sudoestehoje.com.br\/novoportal\/2019\/09\/21\/itapetinga-jovem-empresaria-de-itororo-morre-em-grave-acidente-na-ladeira-da-peroba\/","title":{"rendered":"ITAPETINGA: JOVEM EMPRES\u00c1RIA DE ITOROR\u00d3 MORRE EM GRAVE ACIDENTE NA &#8216;LADEIRA DA PEROBA&#8217;"},"content":{"rendered":"<p><a href=\"https:\/\/www.sudoestehoje.com.br\/novoportal\/wp-content\/uploads\/2019\/09\/nirvana.jpg\"><img loading=\"lazy\" decoding=\"async\" class=\"aligncenter  wp-image-82505\" src=\"https:\/\/www.sudoestehoje.com.br\/novoportal\/wp-content\/uploads\/2019\/09\/nirvana.jpg\" alt=\"\" width=\"499\" height=\"599\" \/><\/a><\/p>\n<p>Faleceu, no in\u00edcio da noite deste s\u00e1bado (21), a comerciante de Itoror\u00f3 Nilvana Ribeiro, conhecida como \u201cNilvana da Vivo\u201d, v\u00edtima de um tr\u00e1gico acidente automobil\u00edstico em um trecho da BA-263, conhecido como &#8216;Ladeira da Peroba&#8217;, nas proximidades da Vulcabras\/Azaleia, em Itapetinga<\/p>\n<p>Segundo informa\u00e7\u00f5es do <em>Blog Itoror\u00f3 J\u00e1<\/em>,\u00a0 Nilvana dirigia o seu ve\u00edculo, um Volkswagen Gol, no sentido Itoror\u00f3\/Itapetinga, quando colidiu frontalmente com um caminh\u00e3o que vinha no sentido contr\u00e1rio, e acabou tendo morte imediata.<\/p>\n<p>Muito conhecida em Itoror\u00f3, Nilvana tinha muitos clientes e amigos em toda a regi\u00e3o, onde atuava h\u00e1 muitos anos, como uma franquiada da empresa de telefonia Vivo, com loja no centro de Itoror\u00f3.<\/p>\n<p>O corpo de Nilvana ficou preso \u00e0s ferragens e aguarda remo\u00e7\u00e3o, para que seja encaminha ao IML de Itapetinga. O vel\u00f3rio e sepultamento acontecer\u00e3o em Itoror\u00f3.<\/p>\n","protected":false},"excerpt":{"rendered":"<p>Faleceu, no in\u00edcio da noite deste s\u00e1bado (21), a comerciante de Itoror\u00f3 Nilvana Ribeiro, conhecida como \u201cNilvana da Vivo\u201d, v\u00edtima de um tr\u00e1gico acidente automobil\u00edstico em um trecho da BA-263, conhecido como &#8216;Ladeira da Peroba&#8217;, nas proximidades da Vulcabras\/Azaleia, em Itapetinga Segundo informa\u00e7\u00f5es do Blog Itoror\u00f3 J\u00e1,\u00a0 Nilvana dirigia o seu ve\u00edculo, um Volkswagen Gol, [&hellip;]<\/p>\n","protected":false},"author":2,"featured_media":82505,"comment_status":"open","ping_status":"open","sticky":false,"template":"","format":"standard","meta":{"footnotes":"","_links_to":"","_links_to_target":""},"categories":[1],"tags":[],"class_list":["post-82503","post","type-post","status-publish","format-standard","has-post-thumbnail","hentry","category-geral"],"views":1690,"_links":{"self":[{"href":"https:\/\/www.sudoestehoje.com.br\/novoportal\/wp-json\/wp\/v2\/posts\/82503","targetHints":{"allow":["GET"]}}],"collection":[{"href":"https:\/\/www.sudoestehoje.com.br\/novoportal\/wp-json\/wp\/v2\/posts"}],"about":[{"href":"https:\/\/www.sudoestehoje.com.br\/novoportal\/wp-json\/wp\/v2\/types\/post"}],"author":[{"embeddable":true,"href":"https:\/\/www.sudoestehoje.com.br\/novoportal\/wp-json\/wp\/v2\/users\/2"}],"replies":[{"embeddable":true,"href":"https:\/\/www.sudoestehoje.com.br\/novoportal\/wp-json\/wp\/v2\/comments?post=82503"}],"version-history":[{"count":4,"href":"https:\/\/www.sudoestehoje.com.br\/novoportal\/wp-json\/wp\/v2\/posts\/82503\/revisions"}],"predecessor-version":[{"id":82508,"href":"https:\/\/www.sudoestehoje.com.br\/novoportal\/wp-json\/wp\/v2\/posts\/82503\/revisions\/82508"}],"wp:featuredmedia":[{"embeddable":true,"href":"https:\/\/www.sudoestehoje.com.br\/novoportal\/wp-json\/wp\/v2\/media\/82505"}],"wp:attachment":[{"href":"https:\/\/www.sudoestehoje.com.br\/novoportal\/wp-json\/wp\/v2\/media?parent=82503"}],"wp:term":[{"taxonomy":"category","embeddable":true,"href":"https:\/\/www.sudoestehoje.com.br\/novoportal\/wp-json\/wp\/v2\/categories?post=82503"},{"taxonomy":"post_tag","embeddable":true,"href":"https:\/\/www.sudoestehoje.com.br\/novoportal\/wp-json\/wp\/v2\/tags?post=82503"}],"curies":[{"name":"wp","href":"https:\/\/api.w.org\/{rel}","templated":true}]}}