
{"id":82495,"date":"2019-09-21T19:46:30","date_gmt":"2019-09-21T22:46:30","guid":{"rendered":"https:\/\/www.sudoestehoje.com.br\/novoportal\/?p=82495"},"modified":"2019-09-21T19:46:30","modified_gmt":"2019-09-21T22:46:30","slug":"sinalizacao-do-acesso-a-ba-263-dificulta-entrada-para-o-loteamento-pedra-branca","status":"publish","type":"post","link":"https:\/\/www.sudoestehoje.com.br\/novoportal\/2019\/09\/21\/sinalizacao-do-acesso-a-ba-263-dificulta-entrada-para-o-loteamento-pedra-branca\/","title":{"rendered":"SINALIZA\u00c7\u00c3O DO ACESSO \u00c0 BA-263 DIFICULTA ENTRADA PARA O LOTEAMENTO PEDRA BRANCA"},"content":{"rendered":"<p><a href=\"https:\/\/www.sudoestehoje.com.br\/novoportal\/wp-content\/uploads\/2019\/09\/sinal-1.jpg\"><img loading=\"lazy\" decoding=\"async\" class=\"aligncenter size-medium wp-image-82498\" src=\"https:\/\/www.sudoestehoje.com.br\/novoportal\/wp-content\/uploads\/2019\/09\/sinal-1-500x300.jpg\" alt=\"\" width=\"500\" height=\"300\" srcset=\"https:\/\/www.sudoestehoje.com.br\/novoportal\/wp-content\/uploads\/2019\/09\/sinal-1-500x300.jpg 500w, https:\/\/www.sudoestehoje.com.br\/novoportal\/wp-content\/uploads\/2019\/09\/sinal-1-768x461.jpg 768w, https:\/\/www.sudoestehoje.com.br\/novoportal\/wp-content\/uploads\/2019\/09\/sinal-1-700x420.jpg 700w, https:\/\/www.sudoestehoje.com.br\/novoportal\/wp-content\/uploads\/2019\/09\/sinal-1.jpg 960w\" sizes=\"auto, (max-width: 500px) 100vw, 500px\" \/><\/a><\/p>\n<p>Com a constru\u00e7\u00e3o de uma segunda via de acesso \u00e0 BA-263, partir do Parque de Exposi\u00e7\u00f5es, a vida de quem trafega para o loteamento Pedra Branca ficou complicada.<\/p>\n<p>Na nova sinaliza\u00e7\u00e3o implantada pela Seinfra, nesta sexta-feira (20), foi institu\u00edda &#8216;m\u00e3o \u00fanica&#8217; nas duas vias de acesso \u00e0 cidade: uma, no sentido de quem sai de Itapetinga para Itamb\u00e9 e Vit\u00f3ria da Conquista, a partir da Exposi\u00e7\u00e3o, e a outra na entrada via Exposi\u00e7\u00e3o, passando pelo Pedra Branca e lateral do futuro Assa\u00ed Atacadista.<\/p>\n<p><a href=\"https:\/\/www.sudoestehoje.com.br\/novoportal\/wp-content\/uploads\/2019\/09\/sinal-3.jpg\"><img loading=\"lazy\" decoding=\"async\" class=\"aligncenter size-medium wp-image-82500\" src=\"https:\/\/www.sudoestehoje.com.br\/novoportal\/wp-content\/uploads\/2019\/09\/sinal-3-500x300.jpg\" alt=\"\" width=\"500\" height=\"300\" srcset=\"https:\/\/www.sudoestehoje.com.br\/novoportal\/wp-content\/uploads\/2019\/09\/sinal-3-500x300.jpg 500w, https:\/\/www.sudoestehoje.com.br\/novoportal\/wp-content\/uploads\/2019\/09\/sinal-3-768x461.jpg 768w, https:\/\/www.sudoestehoje.com.br\/novoportal\/wp-content\/uploads\/2019\/09\/sinal-3-700x420.jpg 700w, https:\/\/www.sudoestehoje.com.br\/novoportal\/wp-content\/uploads\/2019\/09\/sinal-3.jpg 960w\" sizes=\"auto, (max-width: 500px) 100vw, 500px\" \/><\/a><\/p>\n<p>Assim, restou a quem se dirige ao Pedra Branca apenas a op\u00e7\u00e3o da BA-263, via Parque da Lagoa e Uesb, ou pela nova pista que ser\u00e1 constru\u00edda pelo Recanto da Colina, entrando pela Cooedita e contornando o Assa\u00ed, pois a entrada pela Exposi\u00e7\u00e3o virou contra-m\u00e3o, favorecendo as famosas &#8220;roubadinhas&#8221;.<\/p>\n<p>Deu para entender?<\/p>\n<p><strong><em>Por Davi Ferraz\u00a0<\/em><\/strong><\/p>\n","protected":false},"excerpt":{"rendered":"<p>Com a constru\u00e7\u00e3o de uma segunda via de acesso \u00e0 BA-263, partir do Parque de Exposi\u00e7\u00f5es, a vida de quem trafega para o loteamento Pedra Branca ficou complicada. Na nova sinaliza\u00e7\u00e3o implantada pela Seinfra, nesta sexta-feira (20), foi institu\u00edda &#8216;m\u00e3o \u00fanica&#8217; nas duas vias de acesso \u00e0 cidade: uma, no sentido de quem sai de [&hellip;]<\/p>\n","protected":false},"author":2,"featured_media":82498,"comment_status":"open","ping_status":"open","sticky":false,"template":"","format":"standard","meta":{"footnotes":"","_links_to":"","_links_to_target":""},"categories":[1],"tags":[],"class_list":["post-82495","post","type-post","status-publish","format-standard","has-post-thumbnail","hentry","category-geral"],"views":730,"_links":{"self":[{"href":"https:\/\/www.sudoestehoje.com.br\/novoportal\/wp-json\/wp\/v2\/posts\/82495","targetHints":{"allow":["GET"]}}],"collection":[{"href":"https:\/\/www.sudoestehoje.com.br\/novoportal\/wp-json\/wp\/v2\/posts"}],"about":[{"href":"https:\/\/www.sudoestehoje.com.br\/novoportal\/wp-json\/wp\/v2\/types\/post"}],"author":[{"embeddable":true,"href":"https:\/\/www.sudoestehoje.com.br\/novoportal\/wp-json\/wp\/v2\/users\/2"}],"replies":[{"embeddable":true,"href":"https:\/\/www.sudoestehoje.com.br\/novoportal\/wp-json\/wp\/v2\/comments?post=82495"}],"version-history":[{"count":4,"href":"https:\/\/www.sudoestehoje.com.br\/novoportal\/wp-json\/wp\/v2\/posts\/82495\/revisions"}],"predecessor-version":[{"id":82502,"href":"https:\/\/www.sudoestehoje.com.br\/novoportal\/wp-json\/wp\/v2\/posts\/82495\/revisions\/82502"}],"wp:featuredmedia":[{"embeddable":true,"href":"https:\/\/www.sudoestehoje.com.br\/novoportal\/wp-json\/wp\/v2\/media\/82498"}],"wp:attachment":[{"href":"https:\/\/www.sudoestehoje.com.br\/novoportal\/wp-json\/wp\/v2\/media?parent=82495"}],"wp:term":[{"taxonomy":"category","embeddable":true,"href":"https:\/\/www.sudoestehoje.com.br\/novoportal\/wp-json\/wp\/v2\/categories?post=82495"},{"taxonomy":"post_tag","embeddable":true,"href":"https:\/\/www.sudoestehoje.com.br\/novoportal\/wp-json\/wp\/v2\/tags?post=82495"}],"curies":[{"name":"wp","href":"https:\/\/api.w.org\/{rel}","templated":true}]}}