
{"id":82473,"date":"2019-09-20T21:42:41","date_gmt":"2019-09-21T00:42:41","guid":{"rendered":"https:\/\/www.sudoestehoje.com.br\/novoportal\/?p=82473"},"modified":"2019-09-20T21:42:41","modified_gmt":"2019-09-21T00:42:41","slug":"itapetinga-prefeito-rodrigo-hagge-entrega-nova-praca-da-ipam-revitalizada","status":"publish","type":"post","link":"https:\/\/www.sudoestehoje.com.br\/novoportal\/2019\/09\/20\/itapetinga-prefeito-rodrigo-hagge-entrega-nova-praca-da-ipam-revitalizada\/","title":{"rendered":"ITAPETINGA: PREFEITO RODRIGO HAGGE ENTREGA NOVA PRA\u00c7A DA IPAM REVITALIZADA"},"content":{"rendered":"<p><a href=\"https:\/\/www.sudoestehoje.com.br\/novoportal\/wp-content\/uploads\/2019\/09\/IPAM-2.jpg\"><img loading=\"lazy\" decoding=\"async\" class=\"aligncenter size-medium wp-image-82466\" src=\"https:\/\/www.sudoestehoje.com.br\/novoportal\/wp-content\/uploads\/2019\/09\/IPAM-2-500x332.jpg\" alt=\"\" width=\"500\" height=\"332\" srcset=\"https:\/\/www.sudoestehoje.com.br\/novoportal\/wp-content\/uploads\/2019\/09\/IPAM-2-500x332.jpg 500w, https:\/\/www.sudoestehoje.com.br\/novoportal\/wp-content\/uploads\/2019\/09\/IPAM-2-768x510.jpg 768w, https:\/\/www.sudoestehoje.com.br\/novoportal\/wp-content\/uploads\/2019\/09\/IPAM-2-700x465.jpg 700w, https:\/\/www.sudoestehoje.com.br\/novoportal\/wp-content\/uploads\/2019\/09\/IPAM-2.jpg 1080w\" sizes=\"auto, (max-width: 500px) 100vw, 500px\" \/><\/a><\/p>\n<p>A prefeitura de Itapetinga inaugurou, nesta sexta-feira, 20, a pra\u00e7a Enedina Cardoso. O lugar, antes conhecido como Pra\u00e7a da Ipam era, como afirmou o secret\u00e1rio Gustavo David, \u201cuma \u00e1rea cercada sem nenhuma infraestrutura\u201d. Ap\u00f3s a interven\u00e7\u00e3o, a pra\u00e7a ganhou jardinagem, ilumina\u00e7\u00e3o, \u00e1rea livre de circula\u00e7\u00e3o e frequentadores felizes.<\/p>\n<p><a href=\"https:\/\/www.sudoestehoje.com.br\/novoportal\/wp-content\/uploads\/2019\/09\/IPAM-6.jpeg\"><img loading=\"lazy\" decoding=\"async\" class=\"aligncenter size-medium wp-image-82470\" src=\"https:\/\/www.sudoestehoje.com.br\/novoportal\/wp-content\/uploads\/2019\/09\/IPAM-6-500x373.jpeg\" alt=\"\" width=\"500\" height=\"373\" srcset=\"https:\/\/www.sudoestehoje.com.br\/novoportal\/wp-content\/uploads\/2019\/09\/IPAM-6-500x373.jpeg 500w, https:\/\/www.sudoestehoje.com.br\/novoportal\/wp-content\/uploads\/2019\/09\/IPAM-6-768x573.jpeg 768w, https:\/\/www.sudoestehoje.com.br\/novoportal\/wp-content\/uploads\/2019\/09\/IPAM-6-700x523.jpeg 700w, https:\/\/www.sudoestehoje.com.br\/novoportal\/wp-content\/uploads\/2019\/09\/IPAM-6.jpeg 990w\" sizes=\"auto, (max-width: 500px) 100vw, 500px\" \/><\/a><\/p>\n<p>Segundo Jucilande Lima, o \u201cPrecon\u201d, morador da Nova Itapetinga e mais antigo defensor da pra\u00e7a, \u201co local ficou mais movimentado e ajudou a melhorar o com\u00e9rcio da redondeza que sofria com a poeira\u201d.<\/p>\n<p><a href=\"https:\/\/www.sudoestehoje.com.br\/novoportal\/wp-content\/uploads\/2019\/09\/IPAM-3.jpg\"><img loading=\"lazy\" decoding=\"async\" class=\"aligncenter size-medium wp-image-82467\" src=\"https:\/\/www.sudoestehoje.com.br\/novoportal\/wp-content\/uploads\/2019\/09\/IPAM-3-500x329.jpg\" alt=\"\" width=\"500\" height=\"329\" srcset=\"https:\/\/www.sudoestehoje.com.br\/novoportal\/wp-content\/uploads\/2019\/09\/IPAM-3-500x329.jpg 500w, https:\/\/www.sudoestehoje.com.br\/novoportal\/wp-content\/uploads\/2019\/09\/IPAM-3-768x506.jpg 768w, https:\/\/www.sudoestehoje.com.br\/novoportal\/wp-content\/uploads\/2019\/09\/IPAM-3-700x461.jpg 700w, https:\/\/www.sudoestehoje.com.br\/novoportal\/wp-content\/uploads\/2019\/09\/IPAM-3.jpg 1080w\" sizes=\"auto, (max-width: 500px) 100vw, 500px\" \/><\/a><\/p>\n<p>Durante a cerim\u00f4nia de inaugura\u00e7\u00e3o, o secret\u00e1rio de infraestrutura contou que a prefeitura havia cumprido quase todo o planejamento para 2019. \u201cPelo visto, vou ter quem me acostumar a falar em p\u00fablico porque ainda h\u00e1 muita obra para inaugurar\u201d, brincou Gustavo ao falar da sua satisfa\u00e7\u00e3o ao ver a popula\u00e7\u00e3o satisfeita pelo trabalho realizado.<\/p>\n<p><a href=\"https:\/\/www.sudoestehoje.com.br\/novoportal\/wp-content\/uploads\/2019\/09\/IPAM-4.jpg\"><img loading=\"lazy\" decoding=\"async\" class=\"aligncenter size-medium wp-image-82468\" src=\"https:\/\/www.sudoestehoje.com.br\/novoportal\/wp-content\/uploads\/2019\/09\/IPAM-4-500x331.jpg\" alt=\"\" width=\"500\" height=\"331\" srcset=\"https:\/\/www.sudoestehoje.com.br\/novoportal\/wp-content\/uploads\/2019\/09\/IPAM-4-500x331.jpg 500w, https:\/\/www.sudoestehoje.com.br\/novoportal\/wp-content\/uploads\/2019\/09\/IPAM-4-768x508.jpg 768w, https:\/\/www.sudoestehoje.com.br\/novoportal\/wp-content\/uploads\/2019\/09\/IPAM-4-700x463.jpg 700w, https:\/\/www.sudoestehoje.com.br\/novoportal\/wp-content\/uploads\/2019\/09\/IPAM-4.jpg 1080w\" sizes=\"auto, (max-width: 500px) 100vw, 500px\" \/><\/a><\/p>\n<p>O deputado estadual Pedro Tavares esteve presente \u00e0 inaugura\u00e7\u00e3o. Ele contou que pode caminhar com o prefeito pela cidade e ver o desenvolvimento em cada canto de Itapetinga. \u201cTenho a honra de ter chegado antes da campanha, estar com Rodrigo durante e ver que tudo que planejamos para Itapetinga est\u00e1 acontecendo de forma efetiva\u201d, afirmou o deputado. \u201cO que Itapetinga tem hoje, a maioria dos munic\u00edpios queria ter: um prefeito trabalhador, jovem, honesto, que tem colocado Itapetinga no caminho do desenvolvimento\u201d.<a href=\"https:\/\/www.sudoestehoje.com.br\/novoportal\/wp-content\/uploads\/2019\/09\/IPAM-5.jpg\"><img loading=\"lazy\" decoding=\"async\" class=\"aligncenter size-medium wp-image-82469\" src=\"https:\/\/www.sudoestehoje.com.br\/novoportal\/wp-content\/uploads\/2019\/09\/IPAM-5-500x331.jpg\" alt=\"\" width=\"500\" height=\"331\" srcset=\"https:\/\/www.sudoestehoje.com.br\/novoportal\/wp-content\/uploads\/2019\/09\/IPAM-5-500x331.jpg 500w, https:\/\/www.sudoestehoje.com.br\/novoportal\/wp-content\/uploads\/2019\/09\/IPAM-5-768x508.jpg 768w, https:\/\/www.sudoestehoje.com.br\/novoportal\/wp-content\/uploads\/2019\/09\/IPAM-5-700x463.jpg 700w, https:\/\/www.sudoestehoje.com.br\/novoportal\/wp-content\/uploads\/2019\/09\/IPAM-5.jpg 1080w\" sizes=\"auto, (max-width: 500px) 100vw, 500px\" \/><\/a><\/p>\n<p>Do meio do povo, o prefeito Rodrigo Hagge falou que aquela n\u00e3o deveria ser uma inaugura\u00e7\u00e3o formal, mas um encontro de amigos para celebrar mais uma conquista. \u201cEstamos avan\u00e7ando r\u00e1pido. J\u00e1 encerramos o nosso planejamento de 2019. Todas essas inaugura\u00e7\u00f5es deveriam acontecer em dezembro. Mas n\u00e3o se preocupem, j\u00e1 elaboramos outro plano porque Itapetinga n\u00e3o ficar\u00e1 sem presentes no dia do seu anivers\u00e1rio\u201d, afirmou o prefeito .<\/p>\n<p><a href=\"https:\/\/www.sudoestehoje.com.br\/novoportal\/wp-content\/uploads\/2019\/09\/IPAM-7.jpg\"><img loading=\"lazy\" decoding=\"async\" class=\"aligncenter size-medium wp-image-82480\" src=\"https:\/\/www.sudoestehoje.com.br\/novoportal\/wp-content\/uploads\/2019\/09\/IPAM-7-500x324.jpg\" alt=\"\" width=\"500\" height=\"324\" srcset=\"https:\/\/www.sudoestehoje.com.br\/novoportal\/wp-content\/uploads\/2019\/09\/IPAM-7-500x324.jpg 500w, https:\/\/www.sudoestehoje.com.br\/novoportal\/wp-content\/uploads\/2019\/09\/IPAM-7-768x498.jpg 768w, https:\/\/www.sudoestehoje.com.br\/novoportal\/wp-content\/uploads\/2019\/09\/IPAM-7-700x454.jpg 700w, https:\/\/www.sudoestehoje.com.br\/novoportal\/wp-content\/uploads\/2019\/09\/IPAM-7.jpg 1080w\" sizes=\"auto, (max-width: 500px) 100vw, 500px\" \/><\/a><\/p>\n<p><strong><em>Quem foi Enedina Cardoso?<\/em><\/strong><\/p>\n<p>Homenageada com seu nome na nova pra\u00e7a, Enedina Gomes Cardoso nasceu em 1928, em Itiru\u00e7u, Bahia. Chegou a Itapetinga em 1953, casada com Dejaniro Cardoso. Feirante e empres\u00e1ria no ramo de caminh\u00f5es, Enedina deixou grandes marcas no bairro que ajudou a fundar<\/p>\n","protected":false},"excerpt":{"rendered":"<p>A prefeitura de Itapetinga inaugurou, nesta sexta-feira, 20, a pra\u00e7a Enedina Cardoso. O lugar, antes conhecido como Pra\u00e7a da Ipam era, como afirmou o secret\u00e1rio Gustavo David, \u201cuma \u00e1rea cercada sem nenhuma infraestrutura\u201d. Ap\u00f3s a interven\u00e7\u00e3o, a pra\u00e7a ganhou jardinagem, ilumina\u00e7\u00e3o, \u00e1rea livre de circula\u00e7\u00e3o e frequentadores felizes. Segundo Jucilande Lima, o \u201cPrecon\u201d, morador da [&hellip;]<\/p>\n","protected":false},"author":2,"featured_media":82479,"comment_status":"open","ping_status":"open","sticky":false,"template":"","format":"standard","meta":{"footnotes":"","_links_to":"","_links_to_target":""},"categories":[1],"tags":[],"class_list":["post-82473","post","type-post","status-publish","format-standard","has-post-thumbnail","hentry","category-geral"],"views":985,"_links":{"self":[{"href":"https:\/\/www.sudoestehoje.com.br\/novoportal\/wp-json\/wp\/v2\/posts\/82473","targetHints":{"allow":["GET"]}}],"collection":[{"href":"https:\/\/www.sudoestehoje.com.br\/novoportal\/wp-json\/wp\/v2\/posts"}],"about":[{"href":"https:\/\/www.sudoestehoje.com.br\/novoportal\/wp-json\/wp\/v2\/types\/post"}],"author":[{"embeddable":true,"href":"https:\/\/www.sudoestehoje.com.br\/novoportal\/wp-json\/wp\/v2\/users\/2"}],"replies":[{"embeddable":true,"href":"https:\/\/www.sudoestehoje.com.br\/novoportal\/wp-json\/wp\/v2\/comments?post=82473"}],"version-history":[{"count":6,"href":"https:\/\/www.sudoestehoje.com.br\/novoportal\/wp-json\/wp\/v2\/posts\/82473\/revisions"}],"predecessor-version":[{"id":82481,"href":"https:\/\/www.sudoestehoje.com.br\/novoportal\/wp-json\/wp\/v2\/posts\/82473\/revisions\/82481"}],"wp:featuredmedia":[{"embeddable":true,"href":"https:\/\/www.sudoestehoje.com.br\/novoportal\/wp-json\/wp\/v2\/media\/82479"}],"wp:attachment":[{"href":"https:\/\/www.sudoestehoje.com.br\/novoportal\/wp-json\/wp\/v2\/media?parent=82473"}],"wp:term":[{"taxonomy":"category","embeddable":true,"href":"https:\/\/www.sudoestehoje.com.br\/novoportal\/wp-json\/wp\/v2\/categories?post=82473"},{"taxonomy":"post_tag","embeddable":true,"href":"https:\/\/www.sudoestehoje.com.br\/novoportal\/wp-json\/wp\/v2\/tags?post=82473"}],"curies":[{"name":"wp","href":"https:\/\/api.w.org\/{rel}","templated":true}]}}