
{"id":82417,"date":"2019-09-19T18:14:03","date_gmt":"2019-09-19T21:14:03","guid":{"rendered":"https:\/\/www.sudoestehoje.com.br\/novoportal\/?p=82417"},"modified":"2019-09-19T18:14:03","modified_gmt":"2019-09-19T21:14:03","slug":"bahia-leilao-para-construcao-da-ponte-salvador-itaparica-sera-em-novembro","status":"publish","type":"post","link":"https:\/\/www.sudoestehoje.com.br\/novoportal\/2019\/09\/19\/bahia-leilao-para-construcao-da-ponte-salvador-itaparica-sera-em-novembro\/","title":{"rendered":"BAHIA: LEIL\u00c3O PARA CONSTRU\u00c7\u00c3O DA PONTE SALVADOR &#8211; ITAPARICA SER\u00c1 EM NOVEMBRO"},"content":{"rendered":"<div><a href=\"https:\/\/www.sudoestehoje.com.br\/novoportal\/wp-content\/uploads\/2019\/09\/PONTE-ITAPARICA.jpg\"><img loading=\"lazy\" decoding=\"async\" class=\"aligncenter size-medium wp-image-82418\" src=\"https:\/\/www.sudoestehoje.com.br\/novoportal\/wp-content\/uploads\/2019\/09\/PONTE-ITAPARICA-500x261.jpg\" alt=\"\" width=\"500\" height=\"261\" srcset=\"https:\/\/www.sudoestehoje.com.br\/novoportal\/wp-content\/uploads\/2019\/09\/PONTE-ITAPARICA-500x261.jpg 500w, https:\/\/www.sudoestehoje.com.br\/novoportal\/wp-content\/uploads\/2019\/09\/PONTE-ITAPARICA.jpg 540w\" sizes=\"auto, (max-width: 500px) 100vw, 500px\" \/><\/a><\/div>\n<div id=\"story_text\">\n<p>A Ponte Salvador-Itaparica ser\u00e1 um vetor de desenvolvimento econ\u00f4mico, social e urbano para a capital baiana, a Ilha de Itaparica e a regi\u00e3o do Litoral Sul baiano. O aviso de licita\u00e7\u00e3o para a constru\u00e7\u00e3o e opera\u00e7\u00e3o do equipamento foi publicado no Di\u00e1rio Oficial do Estado (D.O.E.) desta quarta-feira (18). Uma importante etapa da obra que ser\u00e1 realizada atrav\u00e9s de uma Parceria P\u00fablico-Privada (PPP).<\/p>\n<p>&#8220;Com a publica\u00e7\u00e3o do aviso de licita\u00e7\u00e3o, o leil\u00e3o para definir a empresa respons\u00e1vel pela implanta\u00e7\u00e3o e concess\u00e3o da Ponte Salvador-Itaparica est\u00e1 previsto para ser realizado na Bolsa de Valores, em S\u00e3o Paulo, em 21 de novembro, \u00e0s 10h30&#8221;, destaca Marcus Cavalcanti, secret\u00e1rio de Infraestrutura da Bahia. O edital e os respectivos anexos estar\u00e3o dispon\u00edveis neste\u00a0<a href=\"https:\/\/tinyurl.com\/y3dcddye\">link<\/a>\u00a0a partir de 23 de setembro.<\/p>\n<p>A empresa vencedora do edital ter\u00e1 o prazo de cinco anos para a constru\u00e7\u00e3o e iniciar a opera\u00e7\u00e3o da ponte que liga os munic\u00edpios da regi\u00e3o Metropolitana de Salvador. Al\u00e9m disso, far\u00e1 a gest\u00e3o e a administra\u00e7\u00e3o do equipamento durante o per\u00edodo de 30 anos ap\u00f3s a implanta\u00e7\u00e3o. A obra vai contribuir no desenvolvimento de atividades como o turismo, a ind\u00fastria, a log\u00edstica e a urbaniza\u00e7\u00e3o no territ\u00f3rio baiano.<\/p>\n<p>A constru\u00e7\u00e3o do equipamento com 12,4 km de extens\u00e3o beneficiar\u00e1 4,4 milh\u00f5es de habitantes nas regi\u00f5es Metropolitana de Salvador, baixo sul e litoral sul baiano. Al\u00e9m da constru\u00e7\u00e3o da ponte, o projeto inclui a implanta\u00e7\u00e3o dos acessos \u00e0 ponte em Salvador, por tuneis e viadutos, e em Vera Cruz, com a liga\u00e7\u00e3o \u00e0 BA-001, junto com uma nova rodovia expressa e a interliga\u00e7\u00e3o desta com a Ponte do Funil, tamb\u00e9m na BA-001. \/\/ <strong>Ascom \/ Seinfra<\/strong><\/p>\n<\/div>\n","protected":false},"excerpt":{"rendered":"<p>A Ponte Salvador-Itaparica ser\u00e1 um vetor de desenvolvimento econ\u00f4mico, social e urbano para a capital baiana, a Ilha de Itaparica e a regi\u00e3o do Litoral Sul baiano. O aviso de licita\u00e7\u00e3o para a constru\u00e7\u00e3o e opera\u00e7\u00e3o do equipamento foi publicado no Di\u00e1rio Oficial do Estado (D.O.E.) desta quarta-feira (18). Uma importante etapa da obra que [&hellip;]<\/p>\n","protected":false},"author":2,"featured_media":82418,"comment_status":"open","ping_status":"open","sticky":false,"template":"","format":"standard","meta":{"footnotes":"","_links_to":"","_links_to_target":""},"categories":[1],"tags":[],"class_list":["post-82417","post","type-post","status-publish","format-standard","has-post-thumbnail","hentry","category-geral"],"views":729,"_links":{"self":[{"href":"https:\/\/www.sudoestehoje.com.br\/novoportal\/wp-json\/wp\/v2\/posts\/82417","targetHints":{"allow":["GET"]}}],"collection":[{"href":"https:\/\/www.sudoestehoje.com.br\/novoportal\/wp-json\/wp\/v2\/posts"}],"about":[{"href":"https:\/\/www.sudoestehoje.com.br\/novoportal\/wp-json\/wp\/v2\/types\/post"}],"author":[{"embeddable":true,"href":"https:\/\/www.sudoestehoje.com.br\/novoportal\/wp-json\/wp\/v2\/users\/2"}],"replies":[{"embeddable":true,"href":"https:\/\/www.sudoestehoje.com.br\/novoportal\/wp-json\/wp\/v2\/comments?post=82417"}],"version-history":[{"count":2,"href":"https:\/\/www.sudoestehoje.com.br\/novoportal\/wp-json\/wp\/v2\/posts\/82417\/revisions"}],"predecessor-version":[{"id":82420,"href":"https:\/\/www.sudoestehoje.com.br\/novoportal\/wp-json\/wp\/v2\/posts\/82417\/revisions\/82420"}],"wp:featuredmedia":[{"embeddable":true,"href":"https:\/\/www.sudoestehoje.com.br\/novoportal\/wp-json\/wp\/v2\/media\/82418"}],"wp:attachment":[{"href":"https:\/\/www.sudoestehoje.com.br\/novoportal\/wp-json\/wp\/v2\/media?parent=82417"}],"wp:term":[{"taxonomy":"category","embeddable":true,"href":"https:\/\/www.sudoestehoje.com.br\/novoportal\/wp-json\/wp\/v2\/categories?post=82417"},{"taxonomy":"post_tag","embeddable":true,"href":"https:\/\/www.sudoestehoje.com.br\/novoportal\/wp-json\/wp\/v2\/tags?post=82417"}],"curies":[{"name":"wp","href":"https:\/\/api.w.org\/{rel}","templated":true}]}}