
{"id":82412,"date":"2019-09-19T18:30:02","date_gmt":"2019-09-19T21:30:02","guid":{"rendered":"https:\/\/www.sudoestehoje.com.br\/novoportal\/?p=82412"},"modified":"2019-09-19T18:35:43","modified_gmt":"2019-09-19T21:35:43","slug":"empreiteira-do-governo-manda-fazer-reparos-no-asfalto-ralo-do-ponto-certo","status":"publish","type":"post","link":"https:\/\/www.sudoestehoje.com.br\/novoportal\/2019\/09\/19\/empreiteira-do-governo-manda-fazer-reparos-no-asfalto-ralo-do-ponto-certo\/","title":{"rendered":"EMPREITEIRA DO GOVERNO MANDA FAZER REPAROS NO ASFALTO &#8216;RALO&#8217; DO PONTO CERTO"},"content":{"rendered":"<p><a href=\"https:\/\/www.sudoestehoje.com.br\/novoportal\/wp-content\/uploads\/2019\/09\/ASFALTO-P-CERTO.jpg\"><img loading=\"lazy\" decoding=\"async\" class=\"aligncenter size-medium wp-image-82414\" src=\"https:\/\/www.sudoestehoje.com.br\/novoportal\/wp-content\/uploads\/2019\/09\/ASFALTO-P-CERTO-500x297.jpg\" alt=\"\" width=\"500\" height=\"297\" srcset=\"https:\/\/www.sudoestehoje.com.br\/novoportal\/wp-content\/uploads\/2019\/09\/ASFALTO-P-CERTO-500x297.jpg 500w, https:\/\/www.sudoestehoje.com.br\/novoportal\/wp-content\/uploads\/2019\/09\/ASFALTO-P-CERTO.jpg 558w\" sizes=\"auto, (max-width: 500px) 100vw, 500px\" \/><\/a><\/p>\n<p>Em mat\u00e9ria publicada pelo <strong><em>Sudoeste Hoje<\/em><\/strong> (<span style=\"color: #0000ff;\"><strong><a style=\"color: #0000ff;\" href=\"https:\/\/www.sudoestehoje.com.br\/novoportal\/2019\/09\/14\/itapetinga-acesso-a-ba-263-comeca-a-deteriorar-antes-da-conclusao-da-obra-pelo-estado\/\">veja aqu\u00ed<\/a><\/strong><\/span>), foi denunciada a obra mal feita de asfaltamento de parte do acesso \u00e0 BA-263, em Itapetinga, no Ponto Certo, tocada por uma empreiteira contratada pelo Governo do Estado, sob a supervis\u00e3o da SEINFRA.<\/p>\n<p>Nesta quinta-feira, uma equipe da empreiteira foi flagrada por uma leitora do blog, realizando os &#8216;reparos&#8217; na pista, que j\u00e1 estava apresentando problemas antes mesmo da conclus\u00e3o dos servi\u00e7os. Outros pontos ao longo da pista tamb\u00e9m est\u00e3o sendo reparados.<\/p>\n<p>A popula\u00e7\u00e3o est\u00e1 de olho e agradece.<\/p>\n<p><strong><em>Por Davi Ferraz\u00a0<\/em><\/strong><\/p>\n","protected":false},"excerpt":{"rendered":"<p>Em mat\u00e9ria publicada pelo Sudoeste Hoje (veja aqu\u00ed), foi denunciada a obra mal feita de asfaltamento de parte do acesso \u00e0 BA-263, em Itapetinga, no Ponto Certo, tocada por uma empreiteira contratada pelo Governo do Estado, sob a supervis\u00e3o da SEINFRA. Nesta quinta-feira, uma equipe da empreiteira foi flagrada por uma leitora do blog, realizando [&hellip;]<\/p>\n","protected":false},"author":2,"featured_media":82414,"comment_status":"open","ping_status":"open","sticky":false,"template":"","format":"standard","meta":{"footnotes":"","_links_to":"","_links_to_target":""},"categories":[1],"tags":[],"class_list":["post-82412","post","type-post","status-publish","format-standard","has-post-thumbnail","hentry","category-geral"],"views":788,"_links":{"self":[{"href":"https:\/\/www.sudoestehoje.com.br\/novoportal\/wp-json\/wp\/v2\/posts\/82412","targetHints":{"allow":["GET"]}}],"collection":[{"href":"https:\/\/www.sudoestehoje.com.br\/novoportal\/wp-json\/wp\/v2\/posts"}],"about":[{"href":"https:\/\/www.sudoestehoje.com.br\/novoportal\/wp-json\/wp\/v2\/types\/post"}],"author":[{"embeddable":true,"href":"https:\/\/www.sudoestehoje.com.br\/novoportal\/wp-json\/wp\/v2\/users\/2"}],"replies":[{"embeddable":true,"href":"https:\/\/www.sudoestehoje.com.br\/novoportal\/wp-json\/wp\/v2\/comments?post=82412"}],"version-history":[{"count":4,"href":"https:\/\/www.sudoestehoje.com.br\/novoportal\/wp-json\/wp\/v2\/posts\/82412\/revisions"}],"predecessor-version":[{"id":82421,"href":"https:\/\/www.sudoestehoje.com.br\/novoportal\/wp-json\/wp\/v2\/posts\/82412\/revisions\/82421"}],"wp:featuredmedia":[{"embeddable":true,"href":"https:\/\/www.sudoestehoje.com.br\/novoportal\/wp-json\/wp\/v2\/media\/82414"}],"wp:attachment":[{"href":"https:\/\/www.sudoestehoje.com.br\/novoportal\/wp-json\/wp\/v2\/media?parent=82412"}],"wp:term":[{"taxonomy":"category","embeddable":true,"href":"https:\/\/www.sudoestehoje.com.br\/novoportal\/wp-json\/wp\/v2\/categories?post=82412"},{"taxonomy":"post_tag","embeddable":true,"href":"https:\/\/www.sudoestehoje.com.br\/novoportal\/wp-json\/wp\/v2\/tags?post=82412"}],"curies":[{"name":"wp","href":"https:\/\/api.w.org\/{rel}","templated":true}]}}