
{"id":82406,"date":"2019-09-19T17:12:10","date_gmt":"2019-09-19T20:12:10","guid":{"rendered":"https:\/\/www.sudoestehoje.com.br\/novoportal\/?p=82406"},"modified":"2019-09-19T17:12:10","modified_gmt":"2019-09-19T20:12:10","slug":"ele-tem-que-pensar-mais-no-brasil-diz-lula-sobre-entrevista-de-rui-costa-a-veja","status":"publish","type":"post","link":"https:\/\/www.sudoestehoje.com.br\/novoportal\/2019\/09\/19\/ele-tem-que-pensar-mais-no-brasil-diz-lula-sobre-entrevista-de-rui-costa-a-veja\/","title":{"rendered":"&#8220;ELE TEM QUE PENSAR MAIS NO BRASIL&#8221;, DIZ LULA SOBRE ENTREVISTA DE RUI COSTA \u00c0 VEJA"},"content":{"rendered":"<p><a href=\"https:\/\/www.sudoestehoje.com.br\/novoportal\/wp-content\/uploads\/2019\/09\/Lula-e-Rui1.jpg\"><img loading=\"lazy\" decoding=\"async\" class=\"aligncenter size-medium wp-image-82409\" src=\"https:\/\/www.sudoestehoje.com.br\/novoportal\/wp-content\/uploads\/2019\/09\/Lula-e-Rui1-500x365.jpg\" alt=\"\" width=\"500\" height=\"365\" srcset=\"https:\/\/www.sudoestehoje.com.br\/novoportal\/wp-content\/uploads\/2019\/09\/Lula-e-Rui1-500x365.jpg 500w, https:\/\/www.sudoestehoje.com.br\/novoportal\/wp-content\/uploads\/2019\/09\/Lula-e-Rui1.jpg 600w\" sizes=\"auto, (max-width: 500px) 100vw, 500px\" \/><\/a><\/p>\n<p>Em conversa com jornalistas da Revista F\u00f3rum, o ex-presidente Luiz In\u00e1cio Lula da Silva falou sobre a pol\u00eamica entrevista dada pelo governador Rui Costa (PT) \u00e0 revista Veja, que acabou culminando em um\u00a0<a href=\"https:\/\/bahia.ba\/politica\/pt-rebate-rui-costa-em-nota-e-diz-que-acertou-ao-nao-apoiar-ciro-gomes-em-2018\/\">atrito\u00a0<\/a>com a Executiva Nacional do PT.<\/p>\n<p>Lula deu a entender que Rui poderia ter se preparado melhor para a entrevista. Nela, o governador baiano disse que o PT\u00a0<a href=\"https:\/\/bahia.ba\/politica\/cobrado-por-jornalista-no-twitter-rui-responde-voce-leu-a-entrevista\/\">n\u00e3o deveria condicionar\u00a0<\/a>a forma\u00e7\u00e3o de alian\u00e7as ao \u2018Lula Livre\u2019.<\/p>\n<p>\u201cEu vi. Quando se trata da Veja, eu prefiro n\u00e3o ver e pe\u00e7o para algu\u00e9m conversar comigo. Eu acho que as pessoas precisam se preparar para as entrevistas, as pessoas t\u00eam que falar menos a palavra \u2018eu\u2019 e falar mais a palavra \u2018n\u00f3s&#8217;\u201d, disse.<\/p>\n<p>Ainda de acordo com o ex-presidente, Rui n\u00e3o teria levado em considera\u00e7\u00e3o que os partidos da sua base na Bahia n\u00e3o s\u00e3o aliados do PT a n\u00edvel nacional.<\/p>\n<p>\u201cO Rui Costa, quando ele d\u00e1 entrevista, d\u00e1 muito em fun\u00e7\u00e3o das coisas que aconteceram na Bahia, da alian\u00e7a dele na Bahia. Ele tem que saber que o Brasil \u00e9 totalmente diferente da Bahia. Ele tem que saber que parte dos aliados que ele tem na Bahia, s\u00e3o inimigos do PT em n\u00edvel nacional, que n\u00e3o votam com o PT e n\u00e3o votaram com a Dilma. Ele tem que saber. E nem por isso o PT impediu que ele fizesse alian\u00e7a. Se \u00e9 uma coisa regional, fa\u00e7a\u201d, falou.<\/p>\n<p>\u201cMas uma impress\u00e3o que eu tenho que \u00e9 quando ele d\u00e1 entrevista \u00e9 a partir da l\u00f3gica do mundo dele. Mas ele tem que pensar um pouco no Brasil, para ele perceber que as pessoas que est\u00e3o com ele na Bahia, n\u00e3o est\u00e3o com o PT no maior lugar do Brasil, porque as pessoas t\u00eam outros compromissos\u201d, acrescentou.<\/p>\n<p>Por fim, Lula elogiou Rui e o trabalho que o mesmo tem feito como governador da Bahia.<\/p>\n<p>\u201cAgora, o Rui \u00e9 uma pessoa que eu gosto muito, \u00e9 um cara preparado, um companheiro que o Jaques Wagner apostou nele\u2026 Voc\u00ea sabe que eu tinha um candidato na Bahia que era o Jos\u00e9 Sergio Gabrielli (ex-presidente da Petrobr\u00e1s). Mas n\u00e3o deu certo e o Jaques indicou o Rui, que est\u00e1 fazendo um bom governo. De vez em quando trope\u00e7a, porque todo mundo que governa trope\u00e7a aqui, trope\u00e7a ali, mas acho que o Rui \u00e9 um bom cara. Toda vez que voc\u00ea for dar entrevista, tem que estar preparado para as perguntas que s\u00e3o casca de banana. Eu vi a entrevista\u2026\u201d, falou.<\/p>\n<p>A entrevista completa de Lula para a Revista F\u00f3rum ser\u00e1 transmitida no canal do site, no Youtube, \u00e0s 21h.<\/p>\n","protected":false},"excerpt":{"rendered":"<p>Em conversa com jornalistas da Revista F\u00f3rum, o ex-presidente Luiz In\u00e1cio Lula da Silva falou sobre a pol\u00eamica entrevista dada pelo governador Rui Costa (PT) \u00e0 revista Veja, que acabou culminando em um\u00a0atrito\u00a0com a Executiva Nacional do PT. Lula deu a entender que Rui poderia ter se preparado melhor para a entrevista. Nela, o governador [&hellip;]<\/p>\n","protected":false},"author":2,"featured_media":82409,"comment_status":"open","ping_status":"open","sticky":false,"template":"","format":"standard","meta":{"footnotes":"","_links_to":"","_links_to_target":""},"categories":[1],"tags":[],"class_list":["post-82406","post","type-post","status-publish","format-standard","has-post-thumbnail","hentry","category-geral"],"views":772,"_links":{"self":[{"href":"https:\/\/www.sudoestehoje.com.br\/novoportal\/wp-json\/wp\/v2\/posts\/82406","targetHints":{"allow":["GET"]}}],"collection":[{"href":"https:\/\/www.sudoestehoje.com.br\/novoportal\/wp-json\/wp\/v2\/posts"}],"about":[{"href":"https:\/\/www.sudoestehoje.com.br\/novoportal\/wp-json\/wp\/v2\/types\/post"}],"author":[{"embeddable":true,"href":"https:\/\/www.sudoestehoje.com.br\/novoportal\/wp-json\/wp\/v2\/users\/2"}],"replies":[{"embeddable":true,"href":"https:\/\/www.sudoestehoje.com.br\/novoportal\/wp-json\/wp\/v2\/comments?post=82406"}],"version-history":[{"count":3,"href":"https:\/\/www.sudoestehoje.com.br\/novoportal\/wp-json\/wp\/v2\/posts\/82406\/revisions"}],"predecessor-version":[{"id":82411,"href":"https:\/\/www.sudoestehoje.com.br\/novoportal\/wp-json\/wp\/v2\/posts\/82406\/revisions\/82411"}],"wp:featuredmedia":[{"embeddable":true,"href":"https:\/\/www.sudoestehoje.com.br\/novoportal\/wp-json\/wp\/v2\/media\/82409"}],"wp:attachment":[{"href":"https:\/\/www.sudoestehoje.com.br\/novoportal\/wp-json\/wp\/v2\/media?parent=82406"}],"wp:term":[{"taxonomy":"category","embeddable":true,"href":"https:\/\/www.sudoestehoje.com.br\/novoportal\/wp-json\/wp\/v2\/categories?post=82406"},{"taxonomy":"post_tag","embeddable":true,"href":"https:\/\/www.sudoestehoje.com.br\/novoportal\/wp-json\/wp\/v2\/tags?post=82406"}],"curies":[{"name":"wp","href":"https:\/\/api.w.org\/{rel}","templated":true}]}}