
{"id":82400,"date":"2019-09-19T17:00:03","date_gmt":"2019-09-19T20:00:03","guid":{"rendered":"https:\/\/www.sudoestehoje.com.br\/novoportal\/?p=82400"},"modified":"2019-09-19T17:00:03","modified_gmt":"2019-09-19T20:00:03","slug":"governo-desiste-de-congelar-salario-minimo","status":"publish","type":"post","link":"https:\/\/www.sudoestehoje.com.br\/novoportal\/2019\/09\/19\/governo-desiste-de-congelar-salario-minimo\/","title":{"rendered":"GOVERNO DESISTE DE CONGELAR SAL\u00c1RIO M\u00cdNIMO"},"content":{"rendered":"<p><a href=\"https:\/\/www.sudoestehoje.com.br\/novoportal\/wp-content\/uploads\/2019\/09\/SALARIO-MIIIIINIMO.jpg\"><img loading=\"lazy\" decoding=\"async\" class=\"aligncenter size-medium wp-image-82404\" src=\"https:\/\/www.sudoestehoje.com.br\/novoportal\/wp-content\/uploads\/2019\/09\/SALARIO-MIIIIINIMO-500x307.jpg\" alt=\"\" width=\"500\" height=\"307\" srcset=\"https:\/\/www.sudoestehoje.com.br\/novoportal\/wp-content\/uploads\/2019\/09\/SALARIO-MIIIIINIMO-500x307.jpg 500w, https:\/\/www.sudoestehoje.com.br\/novoportal\/wp-content\/uploads\/2019\/09\/SALARIO-MIIIIINIMO.jpg 700w\" sizes=\"auto, (max-width: 500px) 100vw, 500px\" \/><\/a><\/p>\n<p>O Minist\u00e9rio da Economia informou nesta quinta-feira (19) que vai manter o poder de compra do sal\u00e1rio m\u00ednimo no pa\u00eds. Com isso, fica descartada a ideia de congelar o valor do piso salarial em situa\u00e7\u00f5es de aperto fiscal.<\/p>\n<p>A declara\u00e7\u00e3o representa um recuo em rela\u00e7\u00e3o a uma medida avaliada pela pasta. O minist\u00e9rio estudava retirar da Constitui\u00e7\u00e3o a obrigatoriedade de que o valor seja corrigido pela varia\u00e7\u00e3o da infla\u00e7\u00e3o.<\/p>\n<p class=\"canvas-atom canvas-text Mb(1.0em) Mb(0)--sm Mt(0.8em)--sm\" data-reactid=\"30\">A medida seria inclu\u00edda em uma PEC (Proposta de Emenda \u00e0 Constitui\u00e7\u00e3o) que altera regras fiscais e est\u00e1 em tramita\u00e7\u00e3o no Congresso.<\/p>\n<p class=\"canvas-atom canvas-text Mb(1.0em) Mb(0)--sm Mt(0.8em)--sm\" data-reactid=\"31\">De autoria do deputado Pedro Paulo (DEM-RJ), o texto traz gatilhos que seriam acionados em situa\u00e7\u00f5es de risco de descumprimento de regras fiscais. A vers\u00e3o original da mat\u00e9ria n\u00e3o prev\u00ea o congelamento do sal\u00e1rio m\u00ednimo, mas o governo articulava a inclus\u00e3o desse novo gatilho no texto.<\/p>\n<p class=\"canvas-atom canvas-text Mb(1.0em) Mb(0)--sm Mt(0.8em)--sm\" data-reactid=\"32\">A regra que viabilizava reajuste do sal\u00e1rio m\u00ednimo acima da infla\u00e7\u00e3o deixou de valer neste ano. A nova mudan\u00e7a iria al\u00e9m, permitindo o congelamento do valor, sem reposi\u00e7\u00e3o da infla\u00e7\u00e3o.<\/p>\n<p class=\"canvas-atom canvas-text Mb(1.0em) Mb(0)--sm Mt(0.8em)--sm\" data-reactid=\"33\">A Constitui\u00e7\u00e3o define que o sal\u00e1rio m\u00ednimo deve ter reajustes peri\u00f3dicos que lhe preservem o poder aquisitivo.<\/p>\n<p class=\"canvas-atom canvas-text Mb(1.0em) Mb(0)--sm Mt(0.8em)--sm\" data-reactid=\"34\">Com a medida que era estudada pelo governo, o congelamento seria permitido para ajudar no ajuste fiscal por um per\u00edodo. Uma das hip\u00f3teses era que o valor ficasse travado por dois anos.<\/p>\n<p class=\"canvas-atom canvas-text Mb(1.0em) Mb(0)--sm Mt(0.8em)--sm\" data-reactid=\"35\">Como o governo tem gastos atrelados ao sal\u00e1rio m\u00ednimo, como as aposentadorias, a medida traria al\u00edvio ao Or\u00e7amento. Hoje, para cada real de reajuste do piso salarial do pa\u00eds, a Uni\u00e3o amplia suas despesas em R$ 300 milh\u00f5es.<\/p>\n<p class=\"canvas-atom canvas-text Mb(1.0em) Mb(0)--sm Mt(0.8em)--sm\" data-reactid=\"36\">Para o ano que vem, o governo prev\u00ea que o reajuste levar\u00e1 o m\u00ednimo de R$ 998 para R$ 1.039. O aumento leva em conta apenas a infla\u00e7\u00e3o.<\/p>\n","protected":false},"excerpt":{"rendered":"<p>O Minist\u00e9rio da Economia informou nesta quinta-feira (19) que vai manter o poder de compra do sal\u00e1rio m\u00ednimo no pa\u00eds. Com isso, fica descartada a ideia de congelar o valor do piso salarial em situa\u00e7\u00f5es de aperto fiscal. A declara\u00e7\u00e3o representa um recuo em rela\u00e7\u00e3o a uma medida avaliada pela pasta. O minist\u00e9rio estudava retirar [&hellip;]<\/p>\n","protected":false},"author":2,"featured_media":82404,"comment_status":"open","ping_status":"open","sticky":false,"template":"","format":"standard","meta":{"footnotes":"","_links_to":"","_links_to_target":""},"categories":[1],"tags":[],"class_list":["post-82400","post","type-post","status-publish","format-standard","has-post-thumbnail","hentry","category-geral"],"views":732,"_links":{"self":[{"href":"https:\/\/www.sudoestehoje.com.br\/novoportal\/wp-json\/wp\/v2\/posts\/82400","targetHints":{"allow":["GET"]}}],"collection":[{"href":"https:\/\/www.sudoestehoje.com.br\/novoportal\/wp-json\/wp\/v2\/posts"}],"about":[{"href":"https:\/\/www.sudoestehoje.com.br\/novoportal\/wp-json\/wp\/v2\/types\/post"}],"author":[{"embeddable":true,"href":"https:\/\/www.sudoestehoje.com.br\/novoportal\/wp-json\/wp\/v2\/users\/2"}],"replies":[{"embeddable":true,"href":"https:\/\/www.sudoestehoje.com.br\/novoportal\/wp-json\/wp\/v2\/comments?post=82400"}],"version-history":[{"count":2,"href":"https:\/\/www.sudoestehoje.com.br\/novoportal\/wp-json\/wp\/v2\/posts\/82400\/revisions"}],"predecessor-version":[{"id":82405,"href":"https:\/\/www.sudoestehoje.com.br\/novoportal\/wp-json\/wp\/v2\/posts\/82400\/revisions\/82405"}],"wp:featuredmedia":[{"embeddable":true,"href":"https:\/\/www.sudoestehoje.com.br\/novoportal\/wp-json\/wp\/v2\/media\/82404"}],"wp:attachment":[{"href":"https:\/\/www.sudoestehoje.com.br\/novoportal\/wp-json\/wp\/v2\/media?parent=82400"}],"wp:term":[{"taxonomy":"category","embeddable":true,"href":"https:\/\/www.sudoestehoje.com.br\/novoportal\/wp-json\/wp\/v2\/categories?post=82400"},{"taxonomy":"post_tag","embeddable":true,"href":"https:\/\/www.sudoestehoje.com.br\/novoportal\/wp-json\/wp\/v2\/tags?post=82400"}],"curies":[{"name":"wp","href":"https:\/\/api.w.org\/{rel}","templated":true}]}}