
{"id":82393,"date":"2019-09-18T21:27:52","date_gmt":"2019-09-19T00:27:52","guid":{"rendered":"https:\/\/www.sudoestehoje.com.br\/novoportal\/?p=82393"},"modified":"2019-09-18T21:52:24","modified_gmt":"2019-09-19T00:52:24","slug":"petrobras-eleva-preco-da-gasolina-e-diesel-a-partir-desta-quinta-feira","status":"publish","type":"post","link":"https:\/\/www.sudoestehoje.com.br\/novoportal\/2019\/09\/18\/petrobras-eleva-preco-da-gasolina-e-diesel-a-partir-desta-quinta-feira\/","title":{"rendered":"PETROBRAS ELEVA PRE\u00c7O DA GASOLINA EM 3,5 E DO DIESEL EM 4,2 A PARTIR DESTA QUINTA"},"content":{"rendered":"<div class=\"mc-column content-text active-extra-styles \" data-block-type=\"unstyled\" data-block-weight=\"36\" data-block-id=\"2\">\n<p data-track-category=\"Link no Texto\" data-track-links=\"\"><a href=\"https:\/\/www.sudoestehoje.com.br\/novoportal\/wp-content\/uploads\/2019\/09\/PRE\u00c7O-GASOLINA.jpg\"><img loading=\"lazy\" decoding=\"async\" class=\"aligncenter size-medium wp-image-82395\" src=\"https:\/\/www.sudoestehoje.com.br\/novoportal\/wp-content\/uploads\/2019\/09\/PRE\u00c7O-GASOLINA-500x333.jpg\" alt=\"\" width=\"500\" height=\"333\" srcset=\"https:\/\/www.sudoestehoje.com.br\/novoportal\/wp-content\/uploads\/2019\/09\/PRE\u00c7O-GASOLINA-500x333.jpg 500w, https:\/\/www.sudoestehoje.com.br\/novoportal\/wp-content\/uploads\/2019\/09\/PRE\u00c7O-GASOLINA-768x512.jpg 768w, https:\/\/www.sudoestehoje.com.br\/novoportal\/wp-content\/uploads\/2019\/09\/PRE\u00c7O-GASOLINA-700x466.jpg 700w, https:\/\/www.sudoestehoje.com.br\/novoportal\/wp-content\/uploads\/2019\/09\/PRE\u00c7O-GASOLINA.jpg 1024w\" sizes=\"auto, (max-width: 500px) 100vw, 500px\" \/><\/a><\/p>\n<p class=\"content-text__container \" data-track-category=\"Link no Texto\" data-track-links=\"\">A\u00a0<a href=\"https:\/\/g1.globo.com\/tudo-sobre\/petrobras\/\">Petrobras<\/a>\u00a0vai elevar o pre\u00e7o m\u00e9dio do diesel nas refinarias em 4,2%, e o da gasolina em 3,5% a partir desta quinta-feira (19). A informa\u00e7\u00e3o foi divulgada pela assessoria de imprensa da estatal nesta quarta.<\/p>\n<\/div>\n<div class=\"wall protected-content\">\n<div class=\"mc-column content-text active-extra-styles \" data-block-type=\"unstyled\" data-block-weight=\"18\" data-block-id=\"3\">\n<p class=\"content-text__container \" data-track-category=\"Link no Texto\" data-track-links=\"\">O repasse ou n\u00e3o do aumento para os consumidores finais fica a crit\u00e9rio das distribuidoras e postos.<\/p>\n<\/div>\n<div class=\"mc-column content-text active-extra-styles \" data-block-type=\"unstyled\" data-block-weight=\"46\" data-block-id=\"4\">\n<p class=\"content-text__container \" data-track-category=\"Link no Texto\" data-track-links=\"\">O reajuste vem ap\u00f3s a\u00a0<a href=\"https:\/\/g1.globo.com\/economia\/noticia\/2019\/09\/15\/precos-do-petroleo-sobem-forte-apos-ataques-na-arabia-saudita.ghtml\">disparada nos pre\u00e7os do barril do petr\u00f3leo<\/a>\u00a0no mercado internacional na segunda-feira (16), em consequ\u00eancia dos\u00a0<a href=\"https:\/\/g1.globo.com\/mundo\/noticia\/2019\/09\/14\/drones-atacam-instalacoes-de-petroleira-na-arabia-saudita-e-provocam-incendio.ghtml\">ataques a instala\u00e7\u00f5es petroleiras na Ar\u00e1bia Saudita<\/a> no fim de semana. O incidente baixou pela metade a produ\u00e7\u00e3o do maior exportador da commodity do mundo. \/\/G1<\/p>\n<\/div>\n<\/div>\n","protected":false},"excerpt":{"rendered":"<p>A\u00a0Petrobras\u00a0vai elevar o pre\u00e7o m\u00e9dio do diesel nas refinarias em 4,2%, e o da gasolina em 3,5% a partir desta quinta-feira (19). A informa\u00e7\u00e3o foi divulgada pela assessoria de imprensa da estatal nesta quarta. O repasse ou n\u00e3o do aumento para os consumidores finais fica a crit\u00e9rio das distribuidoras e postos. O reajuste vem ap\u00f3s [&hellip;]<\/p>\n","protected":false},"author":2,"featured_media":82395,"comment_status":"open","ping_status":"open","sticky":false,"template":"","format":"standard","meta":{"footnotes":"","_links_to":"","_links_to_target":""},"categories":[1],"tags":[],"class_list":["post-82393","post","type-post","status-publish","format-standard","has-post-thumbnail","hentry","category-geral"],"views":702,"_links":{"self":[{"href":"https:\/\/www.sudoestehoje.com.br\/novoportal\/wp-json\/wp\/v2\/posts\/82393","targetHints":{"allow":["GET"]}}],"collection":[{"href":"https:\/\/www.sudoestehoje.com.br\/novoportal\/wp-json\/wp\/v2\/posts"}],"about":[{"href":"https:\/\/www.sudoestehoje.com.br\/novoportal\/wp-json\/wp\/v2\/types\/post"}],"author":[{"embeddable":true,"href":"https:\/\/www.sudoestehoje.com.br\/novoportal\/wp-json\/wp\/v2\/users\/2"}],"replies":[{"embeddable":true,"href":"https:\/\/www.sudoestehoje.com.br\/novoportal\/wp-json\/wp\/v2\/comments?post=82393"}],"version-history":[{"count":5,"href":"https:\/\/www.sudoestehoje.com.br\/novoportal\/wp-json\/wp\/v2\/posts\/82393\/revisions"}],"predecessor-version":[{"id":82399,"href":"https:\/\/www.sudoestehoje.com.br\/novoportal\/wp-json\/wp\/v2\/posts\/82393\/revisions\/82399"}],"wp:featuredmedia":[{"embeddable":true,"href":"https:\/\/www.sudoestehoje.com.br\/novoportal\/wp-json\/wp\/v2\/media\/82395"}],"wp:attachment":[{"href":"https:\/\/www.sudoestehoje.com.br\/novoportal\/wp-json\/wp\/v2\/media?parent=82393"}],"wp:term":[{"taxonomy":"category","embeddable":true,"href":"https:\/\/www.sudoestehoje.com.br\/novoportal\/wp-json\/wp\/v2\/categories?post=82393"},{"taxonomy":"post_tag","embeddable":true,"href":"https:\/\/www.sudoestehoje.com.br\/novoportal\/wp-json\/wp\/v2\/tags?post=82393"}],"curies":[{"name":"wp","href":"https:\/\/api.w.org\/{rel}","templated":true}]}}