
{"id":82387,"date":"2019-09-18T20:26:02","date_gmt":"2019-09-18T23:26:02","guid":{"rendered":"https:\/\/www.sudoestehoje.com.br\/novoportal\/?p=82387"},"modified":"2019-09-18T20:48:23","modified_gmt":"2019-09-18T23:48:23","slug":"itapetinga-praca-da-ipam-sera-entregue-nesta-sexta-totalmente-revitalizada","status":"publish","type":"post","link":"https:\/\/www.sudoestehoje.com.br\/novoportal\/2019\/09\/18\/itapetinga-praca-da-ipam-sera-entregue-nesta-sexta-totalmente-revitalizada\/","title":{"rendered":"ITAPETINGA: PRA\u00c7A DA IPAM SER\u00c1 ENTREGUE NESTA SEXTA TOTALMENTE REVITALIZADA"},"content":{"rendered":"<p><a href=\"https:\/\/www.sudoestehoje.com.br\/novoportal\/wp-content\/uploads\/2019\/09\/pra\u00e7a-Ipam.jpg\"><img loading=\"lazy\" decoding=\"async\" class=\"aligncenter size-medium wp-image-82390\" src=\"https:\/\/www.sudoestehoje.com.br\/novoportal\/wp-content\/uploads\/2019\/09\/pra\u00e7a-Ipam-500x500.jpg\" alt=\"\" width=\"500\" height=\"500\" srcset=\"https:\/\/www.sudoestehoje.com.br\/novoportal\/wp-content\/uploads\/2019\/09\/pra\u00e7a-Ipam-500x500.jpg 500w, https:\/\/www.sudoestehoje.com.br\/novoportal\/wp-content\/uploads\/2019\/09\/pra\u00e7a-Ipam-150x150.jpg 150w, https:\/\/www.sudoestehoje.com.br\/novoportal\/wp-content\/uploads\/2019\/09\/pra\u00e7a-Ipam-768x768.jpg 768w, https:\/\/www.sudoestehoje.com.br\/novoportal\/wp-content\/uploads\/2019\/09\/pra\u00e7a-Ipam-700x700.jpg 700w, https:\/\/www.sudoestehoje.com.br\/novoportal\/wp-content\/uploads\/2019\/09\/pra\u00e7a-Ipam.jpg 1181w\" sizes=\"auto, (max-width: 500px) 100vw, 500px\" \/><\/a><\/p>\n<p>Ao meio dia da pr\u00f3xima sexta-feira (20), o prefeito Rodrigo Hagge far\u00e1 a entrega da nova Pra\u00e7a da Ipam, totalmente revitalizada.<\/p>\n<p>A reforma da pra\u00e7a faz parte do projeto de revitaliza\u00e7\u00e3o dos espa\u00e7os p\u00fablicos no munic\u00edpio, tocado pelas secretarias do Meio Ambiente e Urbanismo, e atende \u00e0s reivindica\u00e7\u00f5es dos moradores dos bairros Clodoaldo Costa e Nova Itapetinga, atrav\u00e9s de Indica\u00e7\u00e3o do vereador Jair Saloes (MDB), aprovada pela C\u00e2mara Municipal.<\/p>\n<p><strong><em>Por Davi Ferraz\u00a0\u00a0<\/em><\/strong><\/p>\n","protected":false},"excerpt":{"rendered":"<p>Ao meio dia da pr\u00f3xima sexta-feira (20), o prefeito Rodrigo Hagge far\u00e1 a entrega da nova Pra\u00e7a da Ipam, totalmente revitalizada. A reforma da pra\u00e7a faz parte do projeto de revitaliza\u00e7\u00e3o dos espa\u00e7os p\u00fablicos no munic\u00edpio, tocado pelas secretarias do Meio Ambiente e Urbanismo, e atende \u00e0s reivindica\u00e7\u00f5es dos moradores dos bairros Clodoaldo Costa e [&hellip;]<\/p>\n","protected":false},"author":2,"featured_media":82390,"comment_status":"open","ping_status":"open","sticky":false,"template":"","format":"standard","meta":{"footnotes":"","_links_to":"","_links_to_target":""},"categories":[1],"tags":[],"class_list":["post-82387","post","type-post","status-publish","format-standard","has-post-thumbnail","hentry","category-geral"],"views":1020,"_links":{"self":[{"href":"https:\/\/www.sudoestehoje.com.br\/novoportal\/wp-json\/wp\/v2\/posts\/82387","targetHints":{"allow":["GET"]}}],"collection":[{"href":"https:\/\/www.sudoestehoje.com.br\/novoportal\/wp-json\/wp\/v2\/posts"}],"about":[{"href":"https:\/\/www.sudoestehoje.com.br\/novoportal\/wp-json\/wp\/v2\/types\/post"}],"author":[{"embeddable":true,"href":"https:\/\/www.sudoestehoje.com.br\/novoportal\/wp-json\/wp\/v2\/users\/2"}],"replies":[{"embeddable":true,"href":"https:\/\/www.sudoestehoje.com.br\/novoportal\/wp-json\/wp\/v2\/comments?post=82387"}],"version-history":[{"count":4,"href":"https:\/\/www.sudoestehoje.com.br\/novoportal\/wp-json\/wp\/v2\/posts\/82387\/revisions"}],"predecessor-version":[{"id":82392,"href":"https:\/\/www.sudoestehoje.com.br\/novoportal\/wp-json\/wp\/v2\/posts\/82387\/revisions\/82392"}],"wp:featuredmedia":[{"embeddable":true,"href":"https:\/\/www.sudoestehoje.com.br\/novoportal\/wp-json\/wp\/v2\/media\/82390"}],"wp:attachment":[{"href":"https:\/\/www.sudoestehoje.com.br\/novoportal\/wp-json\/wp\/v2\/media?parent=82387"}],"wp:term":[{"taxonomy":"category","embeddable":true,"href":"https:\/\/www.sudoestehoje.com.br\/novoportal\/wp-json\/wp\/v2\/categories?post=82387"},{"taxonomy":"post_tag","embeddable":true,"href":"https:\/\/www.sudoestehoje.com.br\/novoportal\/wp-json\/wp\/v2\/tags?post=82387"}],"curies":[{"name":"wp","href":"https:\/\/api.w.org\/{rel}","templated":true}]}}