
{"id":82370,"date":"2019-09-16T18:07:17","date_gmt":"2019-09-16T21:07:17","guid":{"rendered":"https:\/\/www.sudoestehoje.com.br\/novoportal\/?p=82370"},"modified":"2019-09-16T18:07:17","modified_gmt":"2019-09-16T21:07:17","slug":"ministerio-publico-da-bahia-homenageia-deputado-antonio-brito","status":"publish","type":"post","link":"https:\/\/www.sudoestehoje.com.br\/novoportal\/2019\/09\/16\/ministerio-publico-da-bahia-homenageia-deputado-antonio-brito\/","title":{"rendered":"MINIST\u00c9RIO P\u00daBLICO DA BAHIA HOMENAGEIA DEPUTADO ANT\u00d4NIO BRITO"},"content":{"rendered":"<p><a href=\"https:\/\/www.sudoestehoje.com.br\/novoportal\/wp-content\/uploads\/2019\/09\/BRITO-MP-BAHIA.jpg\"><img loading=\"lazy\" decoding=\"async\" class=\"aligncenter size-medium wp-image-82372\" src=\"https:\/\/www.sudoestehoje.com.br\/novoportal\/wp-content\/uploads\/2019\/09\/BRITO-MP-BAHIA-500x500.jpg\" alt=\"\" width=\"500\" height=\"500\" srcset=\"https:\/\/www.sudoestehoje.com.br\/novoportal\/wp-content\/uploads\/2019\/09\/BRITO-MP-BAHIA-500x500.jpg 500w, https:\/\/www.sudoestehoje.com.br\/novoportal\/wp-content\/uploads\/2019\/09\/BRITO-MP-BAHIA-150x150.jpg 150w, https:\/\/www.sudoestehoje.com.br\/novoportal\/wp-content\/uploads\/2019\/09\/BRITO-MP-BAHIA-768x768.jpg 768w, https:\/\/www.sudoestehoje.com.br\/novoportal\/wp-content\/uploads\/2019\/09\/BRITO-MP-BAHIA-700x700.jpg 700w, https:\/\/www.sudoestehoje.com.br\/novoportal\/wp-content\/uploads\/2019\/09\/BRITO-MP-BAHIA.jpg 1089w\" sizes=\"auto, (max-width: 500px) 100vw, 500px\" \/><\/a><\/p>\n<p>Em visita ao Minist\u00e9rio P\u00fablico do Estado da Bahia, o deputado federal Antonio Brito foi homenageado pela Institui\u00e7\u00e3o, por meio de uma placa entregue pela procuradora-Geral de Justi\u00e7a, Ediene Lousado, em virtude das contribui\u00e7\u00f5es \u00e0s iniciativas em prol dos interesses da sociedade.<\/p>\n<p>Na oportunidade, o parlamentar se colocou \u00e0 disposi\u00e7\u00e3o para continuar apoiando os projetos institucionais do MP.<\/p>\n","protected":false},"excerpt":{"rendered":"<p>Em visita ao Minist\u00e9rio P\u00fablico do Estado da Bahia, o deputado federal Antonio Brito foi homenageado pela Institui\u00e7\u00e3o, por meio de uma placa entregue pela procuradora-Geral de Justi\u00e7a, Ediene Lousado, em virtude das contribui\u00e7\u00f5es \u00e0s iniciativas em prol dos interesses da sociedade. Na oportunidade, o parlamentar se colocou \u00e0 disposi\u00e7\u00e3o para continuar apoiando os projetos [&hellip;]<\/p>\n","protected":false},"author":2,"featured_media":82372,"comment_status":"open","ping_status":"open","sticky":false,"template":"","format":"standard","meta":{"footnotes":"","_links_to":"","_links_to_target":""},"categories":[1],"tags":[],"class_list":["post-82370","post","type-post","status-publish","format-standard","has-post-thumbnail","hentry","category-geral"],"views":739,"_links":{"self":[{"href":"https:\/\/www.sudoestehoje.com.br\/novoportal\/wp-json\/wp\/v2\/posts\/82370","targetHints":{"allow":["GET"]}}],"collection":[{"href":"https:\/\/www.sudoestehoje.com.br\/novoportal\/wp-json\/wp\/v2\/posts"}],"about":[{"href":"https:\/\/www.sudoestehoje.com.br\/novoportal\/wp-json\/wp\/v2\/types\/post"}],"author":[{"embeddable":true,"href":"https:\/\/www.sudoestehoje.com.br\/novoportal\/wp-json\/wp\/v2\/users\/2"}],"replies":[{"embeddable":true,"href":"https:\/\/www.sudoestehoje.com.br\/novoportal\/wp-json\/wp\/v2\/comments?post=82370"}],"version-history":[{"count":2,"href":"https:\/\/www.sudoestehoje.com.br\/novoportal\/wp-json\/wp\/v2\/posts\/82370\/revisions"}],"predecessor-version":[{"id":82373,"href":"https:\/\/www.sudoestehoje.com.br\/novoportal\/wp-json\/wp\/v2\/posts\/82370\/revisions\/82373"}],"wp:featuredmedia":[{"embeddable":true,"href":"https:\/\/www.sudoestehoje.com.br\/novoportal\/wp-json\/wp\/v2\/media\/82372"}],"wp:attachment":[{"href":"https:\/\/www.sudoestehoje.com.br\/novoportal\/wp-json\/wp\/v2\/media?parent=82370"}],"wp:term":[{"taxonomy":"category","embeddable":true,"href":"https:\/\/www.sudoestehoje.com.br\/novoportal\/wp-json\/wp\/v2\/categories?post=82370"},{"taxonomy":"post_tag","embeddable":true,"href":"https:\/\/www.sudoestehoje.com.br\/novoportal\/wp-json\/wp\/v2\/tags?post=82370"}],"curies":[{"name":"wp","href":"https:\/\/api.w.org\/{rel}","templated":true}]}}