
{"id":82341,"date":"2019-09-15T12:35:14","date_gmt":"2019-09-15T15:35:14","guid":{"rendered":"https:\/\/www.sudoestehoje.com.br\/novoportal\/?p=82341"},"modified":"2019-09-15T19:02:08","modified_gmt":"2019-09-15T22:02:08","slug":"declaracoes-polemicas-de-rui-costa-causam-mal-estar-dentro-do-pt-partido-rebate","status":"publish","type":"post","link":"https:\/\/www.sudoestehoje.com.br\/novoportal\/2019\/09\/15\/declaracoes-polemicas-de-rui-costa-causam-mal-estar-dentro-do-pt-partido-rebate\/","title":{"rendered":"DECLARA\u00c7\u00d5ES POL\u00caMICAS DE RUI COSTA CAUSAM MAL-ESTAR DENTRO DO PT; PARTIDO REBATE"},"content":{"rendered":"<p><a href=\"https:\/\/www.sudoestehoje.com.br\/novoportal\/wp-content\/uploads\/2019\/09\/RUI-VEJA.jpg\"><img loading=\"lazy\" decoding=\"async\" class=\"aligncenter size-medium wp-image-82343\" src=\"https:\/\/www.sudoestehoje.com.br\/novoportal\/wp-content\/uploads\/2019\/09\/RUI-VEJA-500x500.jpg\" alt=\"\" width=\"500\" height=\"500\" srcset=\"https:\/\/www.sudoestehoje.com.br\/novoportal\/wp-content\/uploads\/2019\/09\/RUI-VEJA-500x500.jpg 500w, https:\/\/www.sudoestehoje.com.br\/novoportal\/wp-content\/uploads\/2019\/09\/RUI-VEJA-150x150.jpg 150w, https:\/\/www.sudoestehoje.com.br\/novoportal\/wp-content\/uploads\/2019\/09\/RUI-VEJA.jpg 618w\" sizes=\"auto, (max-width: 500px) 100vw, 500px\" \/><\/a><\/p>\n<p>As declara\u00e7\u00f5es dadas pelo governador da Bahia, Rui Costa (PT), em entrevista \u00e0 revista Veja, causaram mal-estar dentro do PT, que divulgou nota contra as falas do chefe do Pal\u00e1cio de Ondina.<\/p>\n<p>Rui Costa afirmou que o PT deveria esquecer o &#8220;Lula Livre&#8221; na hora de firmar alian\u00e7as partid\u00e1rias. Tamb\u00e9m declarou que a sigla deveria condenar os abusos na Venezuela e ter apoiado\u00a0Ciro Gomes (PDT) na campanha de 2018. O governador disse, ainda, que cogita ser candidato a presidente da Rep\u00fablica em 2022 (<a href=\"https:\/\/www.bahianoticias.com.br\/noticia\/239555-rui-costa-admite-desejo-de-ser-candidato-a-presidente-da-republica-em-2022.html\" target=\"_blank\" rel=\"noopener noreferrer\">reveja aqui<\/a>).<\/p>\n<p>Em nota, a Comiss\u00e3o Executiva Nacional do PT afirmou que &#8220;a bandeira \u00a0Lula livre \u00e9 central na defesa da democracia, da soberania e dos direitos no Brasil&#8221;, mas ressaltou que &#8220;n\u00e3o imp\u00f5e condi\u00e7\u00f5es para dialogar com todos os setores que se oponham ao governo autorit\u00e1rio, antinacional e antipovo&#8221;.<\/p>\n<p>Sobre Ciro Gomes, o PT afirmou que o partido n\u00e3o apoiou o ex-ministro porque &#8220;nunca foi inten\u00e7\u00e3o dele constituir uma alternativa no campo da centro-esquerda, hoje menos ainda, dado que ele escancara opini\u00f5es grosseiras e desrespeitosas sobre Lula, o PT e nossas lideran\u00e7as&#8221;.<\/p>\n<p>No que concerne \u00e0 Venezuela, o sigla disse que &#8220;o pa\u00eds vizinho se encontra sob criminoso embargo econ\u00f4mico e tentativa de interven\u00e7\u00e3o militar estadunidense [com apoio do governo Bolsonaro], o que denunciamos em todos os f\u00f3runs&#8221;. &#8220;O PT repudia as tentativas de golpe, defende a pacifica\u00e7\u00e3o do pa\u00eds e uma sa\u00edda negociada democraticamente para a crise da Venezuela, respeitando o direito de autodetermina\u00e7\u00e3o do povo venezuelano&#8221;, emendou.<\/p>\n<p>O partido ainda criticou Rui Costa por mostrar interesse em ser candidato a presidente da Rep\u00fablica. &#8220;Consideramos totalmente extempor\u00e2neo o debate sobre candidaturas presidenciais para 2022. No momento, nossa luta \u00e9 para fortalecer a resist\u00eancia ao bolsonarismo, defender a soberania nacional e os direitos sociais amea\u00e7ados. Esse processo vai produzir as condi\u00e7\u00f5es pol\u00edticas e a frente que ir\u00e1, no campo da centro-esquerda, representar o povo brasileiro nas elei\u00e7\u00f5es de 2022&#8221;, ressaltou.<em> \/\/Bahia Not\u00edcias<\/em><\/p>\n","protected":false},"excerpt":{"rendered":"<p>As declara\u00e7\u00f5es dadas pelo governador da Bahia, Rui Costa (PT), em entrevista \u00e0 revista Veja, causaram mal-estar dentro do PT, que divulgou nota contra as falas do chefe do Pal\u00e1cio de Ondina. Rui Costa afirmou que o PT deveria esquecer o &#8220;Lula Livre&#8221; na hora de firmar alian\u00e7as partid\u00e1rias. Tamb\u00e9m declarou que a sigla deveria [&hellip;]<\/p>\n","protected":false},"author":2,"featured_media":82343,"comment_status":"open","ping_status":"open","sticky":false,"template":"","format":"standard","meta":{"footnotes":"","_links_to":"","_links_to_target":""},"categories":[1],"tags":[],"class_list":["post-82341","post","type-post","status-publish","format-standard","has-post-thumbnail","hentry","category-geral"],"views":783,"_links":{"self":[{"href":"https:\/\/www.sudoestehoje.com.br\/novoportal\/wp-json\/wp\/v2\/posts\/82341","targetHints":{"allow":["GET"]}}],"collection":[{"href":"https:\/\/www.sudoestehoje.com.br\/novoportal\/wp-json\/wp\/v2\/posts"}],"about":[{"href":"https:\/\/www.sudoestehoje.com.br\/novoportal\/wp-json\/wp\/v2\/types\/post"}],"author":[{"embeddable":true,"href":"https:\/\/www.sudoestehoje.com.br\/novoportal\/wp-json\/wp\/v2\/users\/2"}],"replies":[{"embeddable":true,"href":"https:\/\/www.sudoestehoje.com.br\/novoportal\/wp-json\/wp\/v2\/comments?post=82341"}],"version-history":[{"count":3,"href":"https:\/\/www.sudoestehoje.com.br\/novoportal\/wp-json\/wp\/v2\/posts\/82341\/revisions"}],"predecessor-version":[{"id":82345,"href":"https:\/\/www.sudoestehoje.com.br\/novoportal\/wp-json\/wp\/v2\/posts\/82341\/revisions\/82345"}],"wp:featuredmedia":[{"embeddable":true,"href":"https:\/\/www.sudoestehoje.com.br\/novoportal\/wp-json\/wp\/v2\/media\/82343"}],"wp:attachment":[{"href":"https:\/\/www.sudoestehoje.com.br\/novoportal\/wp-json\/wp\/v2\/media?parent=82341"}],"wp:term":[{"taxonomy":"category","embeddable":true,"href":"https:\/\/www.sudoestehoje.com.br\/novoportal\/wp-json\/wp\/v2\/categories?post=82341"},{"taxonomy":"post_tag","embeddable":true,"href":"https:\/\/www.sudoestehoje.com.br\/novoportal\/wp-json\/wp\/v2\/tags?post=82341"}],"curies":[{"name":"wp","href":"https:\/\/api.w.org\/{rel}","templated":true}]}}