
{"id":82335,"date":"2019-09-15T08:27:14","date_gmt":"2019-09-15T11:27:14","guid":{"rendered":"https:\/\/www.sudoestehoje.com.br\/novoportal\/?p=82335"},"modified":"2019-09-15T08:34:20","modified_gmt":"2019-09-15T11:34:20","slug":"itapetinga-morre-o-taxista-bardal","status":"publish","type":"post","link":"https:\/\/www.sudoestehoje.com.br\/novoportal\/2019\/09\/15\/itapetinga-morre-o-taxista-bardal\/","title":{"rendered":"ITAPETINGA: MORRE O TAXISTA &#8220;BARDAL&#8221;"},"content":{"rendered":"<p><a href=\"https:\/\/www.sudoestehoje.com.br\/novoportal\/wp-content\/uploads\/2019\/09\/bardal-1.jpg\"><img loading=\"lazy\" decoding=\"async\" class=\"aligncenter size-full wp-image-82338\" src=\"https:\/\/www.sudoestehoje.com.br\/novoportal\/wp-content\/uploads\/2019\/09\/bardal-1.jpg\" alt=\"\" width=\"493\" height=\"553\" \/><\/a><\/p>\n<p>Faleceu, na manh\u00e3 deste domingo, o taxista <strong>Ednaldo Gabrielli<\/strong>, popularmente conhecido por <strong>&#8220;Bardal&#8221;<\/strong>, um dos mais antigos de Itapetinga. Bardal trabalhava no ponto de taxi localizado na Pra\u00e7a Augusto de Carvalho, no centro de Itapetinga.<\/p>\n<p>De acordo com informa\u00e7\u00e3o de familiares, Bardal foi v\u00edtima de um infarto fulminante, vindo a \u00f3bito em sua resid\u00eancia.<\/p>\n<p>De fam\u00edlia tradicional, Bardal deixa a filha Petrina (esposa de Delano do F\u00f3rum) e os irm\u00e3o Marcos, Vera e Neide Gabrielli, dentre outros.<\/p>\n<p>O vel\u00f3rio ser\u00e1 na Pax localizada na Avenida Cinquenten\u00e1rio, em Itapetinga, a partir das 10h, e o sepultamento est\u00e1 previsto para este domingo, \u00e0s 17h.<\/p>\n<p>O <em>Sudoeste Hoje<\/em> manifesta o seu pesar \u00e0 fam\u00edlia enlutada, pela perda do amigo Bardal, figura querida no nosso munic\u00edpio e regi\u00e3o.<\/p>\n<p><em><strong>Davi Ferraz &#8211; Editor<\/strong><\/em><\/p>\n","protected":false},"excerpt":{"rendered":"<p>Faleceu, na manh\u00e3 deste domingo, o taxista Ednaldo Gabrielli, popularmente conhecido por &#8220;Bardal&#8221;, um dos mais antigos de Itapetinga. Bardal trabalhava no ponto de taxi localizado na Pra\u00e7a Augusto de Carvalho, no centro de Itapetinga. De acordo com informa\u00e7\u00e3o de familiares, Bardal foi v\u00edtima de um infarto fulminante, vindo a \u00f3bito em sua resid\u00eancia. De [&hellip;]<\/p>\n","protected":false},"author":2,"featured_media":82336,"comment_status":"open","ping_status":"open","sticky":false,"template":"","format":"standard","meta":{"footnotes":"","_links_to":"","_links_to_target":""},"categories":[1],"tags":[],"class_list":["post-82335","post","type-post","status-publish","format-standard","has-post-thumbnail","hentry","category-geral"],"views":947,"_links":{"self":[{"href":"https:\/\/www.sudoestehoje.com.br\/novoportal\/wp-json\/wp\/v2\/posts\/82335","targetHints":{"allow":["GET"]}}],"collection":[{"href":"https:\/\/www.sudoestehoje.com.br\/novoportal\/wp-json\/wp\/v2\/posts"}],"about":[{"href":"https:\/\/www.sudoestehoje.com.br\/novoportal\/wp-json\/wp\/v2\/types\/post"}],"author":[{"embeddable":true,"href":"https:\/\/www.sudoestehoje.com.br\/novoportal\/wp-json\/wp\/v2\/users\/2"}],"replies":[{"embeddable":true,"href":"https:\/\/www.sudoestehoje.com.br\/novoportal\/wp-json\/wp\/v2\/comments?post=82335"}],"version-history":[{"count":3,"href":"https:\/\/www.sudoestehoje.com.br\/novoportal\/wp-json\/wp\/v2\/posts\/82335\/revisions"}],"predecessor-version":[{"id":82340,"href":"https:\/\/www.sudoestehoje.com.br\/novoportal\/wp-json\/wp\/v2\/posts\/82335\/revisions\/82340"}],"wp:featuredmedia":[{"embeddable":true,"href":"https:\/\/www.sudoestehoje.com.br\/novoportal\/wp-json\/wp\/v2\/media\/82336"}],"wp:attachment":[{"href":"https:\/\/www.sudoestehoje.com.br\/novoportal\/wp-json\/wp\/v2\/media?parent=82335"}],"wp:term":[{"taxonomy":"category","embeddable":true,"href":"https:\/\/www.sudoestehoje.com.br\/novoportal\/wp-json\/wp\/v2\/categories?post=82335"},{"taxonomy":"post_tag","embeddable":true,"href":"https:\/\/www.sudoestehoje.com.br\/novoportal\/wp-json\/wp\/v2\/tags?post=82335"}],"curies":[{"name":"wp","href":"https:\/\/api.w.org\/{rel}","templated":true}]}}