
{"id":82321,"date":"2019-09-15T00:13:18","date_gmt":"2019-09-15T03:13:18","guid":{"rendered":"https:\/\/www.sudoestehoje.com.br\/novoportal\/?p=82321"},"modified":"2019-09-15T19:06:18","modified_gmt":"2019-09-15T22:06:18","slug":"desportista-alex-dutra-e-homenageado-no-campeonato-de-futebol-juvenil","status":"publish","type":"post","link":"https:\/\/www.sudoestehoje.com.br\/novoportal\/2019\/09\/15\/desportista-alex-dutra-e-homenageado-no-campeonato-de-futebol-juvenil\/","title":{"rendered":"DESPORTISTA ALEX DUTRA \u00c9 HOMENAGEADO NO CAMPEONATO DE FUTEBOL JUVENIL"},"content":{"rendered":"<p><a href=\"https:\/\/www.sudoestehoje.com.br\/novoportal\/wp-content\/uploads\/2019\/09\/LEK-1.jpg\"><img loading=\"lazy\" decoding=\"async\" class=\"aligncenter size-medium wp-image-82324\" src=\"https:\/\/www.sudoestehoje.com.br\/novoportal\/wp-content\/uploads\/2019\/09\/LEK-1-500x333.jpg\" alt=\"\" width=\"500\" height=\"333\" srcset=\"https:\/\/www.sudoestehoje.com.br\/novoportal\/wp-content\/uploads\/2019\/09\/LEK-1-500x333.jpg 500w, https:\/\/www.sudoestehoje.com.br\/novoportal\/wp-content\/uploads\/2019\/09\/LEK-1-768x512.jpg 768w, https:\/\/www.sudoestehoje.com.br\/novoportal\/wp-content\/uploads\/2019\/09\/LEK-1-700x466.jpg 700w, https:\/\/www.sudoestehoje.com.br\/novoportal\/wp-content\/uploads\/2019\/09\/LEK-1.jpg 1280w\" sizes=\"auto, (max-width: 500px) 100vw, 500px\" \/><\/a><\/p>\n<p>O Est\u00e1dio Primaver\u00e3o foi, neste s\u00e1bado (14), mais uma vez palco de alegria e emo\u00e7\u00e3o, com a abertura do Campeonato Municipal de Futebol Juvenil, com garotos nascidos em 2003\/2004. Na partida de abertura, a equipe do Independente venceu a Vila Riachao, por 2 X 0.<\/p>\n<p>Ap\u00f3s resgatar o futebol amador e colocar a sele\u00e7\u00e3o de Itapetinga entre as melhores do Campeonato Intermunicipal, o prefeito Rodrigo Hagge traz de volta o campeonato juvenil, que teve sua \u00faltima edi\u00e7\u00e3o h\u00e1 mais de 10 anos.<a href=\"https:\/\/www.sudoestehoje.com.br\/novoportal\/wp-content\/uploads\/2019\/09\/LEK-2.jpg\"><img loading=\"lazy\" decoding=\"async\" class=\"aligncenter size-medium wp-image-82326\" src=\"https:\/\/www.sudoestehoje.com.br\/novoportal\/wp-content\/uploads\/2019\/09\/LEK-2-500x333.jpg\" alt=\"\" width=\"500\" height=\"333\" srcset=\"https:\/\/www.sudoestehoje.com.br\/novoportal\/wp-content\/uploads\/2019\/09\/LEK-2-500x333.jpg 500w, https:\/\/www.sudoestehoje.com.br\/novoportal\/wp-content\/uploads\/2019\/09\/LEK-2-768x512.jpg 768w, https:\/\/www.sudoestehoje.com.br\/novoportal\/wp-content\/uploads\/2019\/09\/LEK-2-700x466.jpg 700w, https:\/\/www.sudoestehoje.com.br\/novoportal\/wp-content\/uploads\/2019\/09\/LEK-2.jpg 1280w\" sizes=\"auto, (max-width: 500px) 100vw, 500px\" \/><\/a><\/p>\n<p>O trof\u00e9u de campe\u00e3o presta uma homenagem a Alex Dutra (Lek\u00e3o ),um desportista nato, que tem sido um parceiro dedicado, sempre que solicitado pela equipe da secretaria de cultura esportes e lazer.<\/p>\n<p><em>&#8220;Apoiar o futebol juvenil \u00e9 plantar sementes de futuros craques que servir\u00e3o a nossa sele\u00e7\u00e3o e\u00a0 a clubes profissionais&#8221;.<\/em> Declarou Lek\u00e3o que deu o pontap\u00e9 inicial ao lado da Secret\u00e1ria da pasta, Eliene Portela.<\/p>\n<p>Portela levou ao prefeito Rodrigo Hagge o projeto idealizado por \u00canio Oliveira e equipe, que autorizou a aquisi\u00e7\u00e3o do material solicitado a exemplo de bolas, redes, trof\u00e9us e medalhas.<\/p>\n<p><a href=\"https:\/\/www.sudoestehoje.com.br\/novoportal\/wp-content\/uploads\/2019\/09\/LEK-6.jpg\"><img loading=\"lazy\" decoding=\"async\" class=\"aligncenter size-medium wp-image-82330\" src=\"https:\/\/www.sudoestehoje.com.br\/novoportal\/wp-content\/uploads\/2019\/09\/LEK-6-500x333.jpg\" alt=\"\" width=\"500\" height=\"333\" srcset=\"https:\/\/www.sudoestehoje.com.br\/novoportal\/wp-content\/uploads\/2019\/09\/LEK-6-500x333.jpg 500w, https:\/\/www.sudoestehoje.com.br\/novoportal\/wp-content\/uploads\/2019\/09\/LEK-6-768x512.jpg 768w, https:\/\/www.sudoestehoje.com.br\/novoportal\/wp-content\/uploads\/2019\/09\/LEK-6-700x466.jpg 700w, https:\/\/www.sudoestehoje.com.br\/novoportal\/wp-content\/uploads\/2019\/09\/LEK-6.jpg 1280w\" sizes=\"auto, (max-width: 500px) 100vw, 500px\" \/><\/a><\/p>\n<p>Segundo Portela, resgatar o futebol juvenil tem tamb\u00e9m uma fun\u00e7\u00e3o social, pois a maioria dos 150 adolescentes est\u00e3o pisando no gramado do Primaver\u00e3o pela primeira vez, elevando a auto estima e se dedicando ainda mais \u00e0 pr\u00e1tica do esporte.<\/p>\n<p><em>&#8220;Estamos prestigiando, al\u00e9m de garotos das escolinhas de futebol, jovens que s\u00e3o assistidos pelos CRAS das Vilas , que s\u00e3o a base do time da Vila Riach\u00e3o&#8221;,<\/em> lembrou Portela.<\/p>\n<p><a href=\"https:\/\/www.sudoestehoje.com.br\/novoportal\/wp-content\/uploads\/2019\/09\/LEK-5.jpg\"><img loading=\"lazy\" decoding=\"async\" class=\"aligncenter size-medium wp-image-82329\" src=\"https:\/\/www.sudoestehoje.com.br\/novoportal\/wp-content\/uploads\/2019\/09\/LEK-5-500x333.jpg\" alt=\"\" width=\"500\" height=\"333\" srcset=\"https:\/\/www.sudoestehoje.com.br\/novoportal\/wp-content\/uploads\/2019\/09\/LEK-5-500x333.jpg 500w, https:\/\/www.sudoestehoje.com.br\/novoportal\/wp-content\/uploads\/2019\/09\/LEK-5-768x512.jpg 768w, https:\/\/www.sudoestehoje.com.br\/novoportal\/wp-content\/uploads\/2019\/09\/LEK-5-700x466.jpg 700w, https:\/\/www.sudoestehoje.com.br\/novoportal\/wp-content\/uploads\/2019\/09\/LEK-5.jpg 1280w\" sizes=\"auto, (max-width: 500px) 100vw, 500px\" \/><\/a><\/p>\n<p>Segundo \u00canio Oliveira, idealizador do projeto e gerente da Secretaria de Esportes, o campeonato tem previs\u00e3o para realizar a grande final no dia 19 de outubro.<\/p>\n\n\t\t<style type=\"text\/css\">\n\t\t\t#gallery-1 {\n\t\t\t\tmargin: auto;\n\t\t\t}\n\t\t\t#gallery-1 .gallery-item {\n\t\t\t\tfloat: left;\n\t\t\t\tmargin-top: 10px;\n\t\t\t\ttext-align: center;\n\t\t\t\twidth: 33%;\n\t\t\t}\n\t\t\t#gallery-1 img {\n\t\t\t\tborder: 2px solid #cfcfcf;\n\t\t\t}\n\t\t\t#gallery-1 .gallery-caption {\n\t\t\t\tmargin-left: 0;\n\t\t\t}\n\t\t\t\/* see gallery_shortcode() in wp-includes\/media.php *\/\n\t\t<\/style>\n\t\t<div id='gallery-1' class='gallery galleryid-82321 gallery-columns-3 gallery-size-thumbnail'><dl class='gallery-item'>\n\t\t\t<dt class='gallery-icon landscape'>\n\t\t\t\t<a href='https:\/\/www.sudoestehoje.com.br\/novoportal\/2019\/09\/15\/desportista-alex-dutra-e-homenageado-no-campeonato-de-futebol-juvenil\/lek-4\/'><img loading=\"lazy\" decoding=\"async\" width=\"150\" height=\"150\" src=\"https:\/\/www.sudoestehoje.com.br\/novoportal\/wp-content\/uploads\/2019\/09\/LEK-4-150x150.jpg\" class=\"attachment-thumbnail size-thumbnail\" alt=\"\" \/><\/a>\n\t\t\t<\/dt><\/dl><dl class='gallery-item'>\n\t\t\t<dt class='gallery-icon landscape'>\n\t\t\t\t<a href='https:\/\/www.sudoestehoje.com.br\/novoportal\/2019\/09\/15\/desportista-alex-dutra-e-homenageado-no-campeonato-de-futebol-juvenil\/lek-7\/'><img loading=\"lazy\" decoding=\"async\" width=\"150\" height=\"150\" src=\"https:\/\/www.sudoestehoje.com.br\/novoportal\/wp-content\/uploads\/2019\/09\/LEK-7-150x150.jpg\" class=\"attachment-thumbnail size-thumbnail\" alt=\"\" \/><\/a>\n\t\t\t<\/dt><\/dl><dl class='gallery-item'>\n\t\t\t<dt class='gallery-icon landscape'>\n\t\t\t\t<a href='https:\/\/www.sudoestehoje.com.br\/novoportal\/2019\/09\/15\/desportista-alex-dutra-e-homenageado-no-campeonato-de-futebol-juvenil\/lek-8\/'><img loading=\"lazy\" decoding=\"async\" width=\"150\" height=\"150\" src=\"https:\/\/www.sudoestehoje.com.br\/novoportal\/wp-content\/uploads\/2019\/09\/LEK-8-150x150.jpg\" class=\"attachment-thumbnail size-thumbnail\" alt=\"\" \/><\/a>\n\t\t\t<\/dt><\/dl><br style=\"clear: both\" \/>\n\t\t<\/div>\n\n","protected":false},"excerpt":{"rendered":"<p>O Est\u00e1dio Primaver\u00e3o foi, neste s\u00e1bado (14), mais uma vez palco de alegria e emo\u00e7\u00e3o, com a abertura do Campeonato Municipal de Futebol Juvenil, com garotos nascidos em 2003\/2004. Na partida de abertura, a equipe do Independente venceu a Vila Riachao, por 2 X 0. Ap\u00f3s resgatar o futebol amador e colocar a sele\u00e7\u00e3o de [&hellip;]<\/p>\n","protected":false},"author":2,"featured_media":82324,"comment_status":"open","ping_status":"open","sticky":false,"template":"","format":"standard","meta":{"footnotes":"","_links_to":"","_links_to_target":""},"categories":[1],"tags":[],"class_list":["post-82321","post","type-post","status-publish","format-standard","has-post-thumbnail","hentry","category-geral"],"views":879,"_links":{"self":[{"href":"https:\/\/www.sudoestehoje.com.br\/novoportal\/wp-json\/wp\/v2\/posts\/82321","targetHints":{"allow":["GET"]}}],"collection":[{"href":"https:\/\/www.sudoestehoje.com.br\/novoportal\/wp-json\/wp\/v2\/posts"}],"about":[{"href":"https:\/\/www.sudoestehoje.com.br\/novoportal\/wp-json\/wp\/v2\/types\/post"}],"author":[{"embeddable":true,"href":"https:\/\/www.sudoestehoje.com.br\/novoportal\/wp-json\/wp\/v2\/users\/2"}],"replies":[{"embeddable":true,"href":"https:\/\/www.sudoestehoje.com.br\/novoportal\/wp-json\/wp\/v2\/comments?post=82321"}],"version-history":[{"count":6,"href":"https:\/\/www.sudoestehoje.com.br\/novoportal\/wp-json\/wp\/v2\/posts\/82321\/revisions"}],"predecessor-version":[{"id":82346,"href":"https:\/\/www.sudoestehoje.com.br\/novoportal\/wp-json\/wp\/v2\/posts\/82321\/revisions\/82346"}],"wp:featuredmedia":[{"embeddable":true,"href":"https:\/\/www.sudoestehoje.com.br\/novoportal\/wp-json\/wp\/v2\/media\/82324"}],"wp:attachment":[{"href":"https:\/\/www.sudoestehoje.com.br\/novoportal\/wp-json\/wp\/v2\/media?parent=82321"}],"wp:term":[{"taxonomy":"category","embeddable":true,"href":"https:\/\/www.sudoestehoje.com.br\/novoportal\/wp-json\/wp\/v2\/categories?post=82321"},{"taxonomy":"post_tag","embeddable":true,"href":"https:\/\/www.sudoestehoje.com.br\/novoportal\/wp-json\/wp\/v2\/tags?post=82321"}],"curies":[{"name":"wp","href":"https:\/\/api.w.org\/{rel}","templated":true}]}}